{"id":223,"date":"2021-09-29T19:23:00","date_gmt":"2021-09-29T17:23:00","guid":{"rendered":"https:\/\/www.alles-bleibt-anders.org\/?p=223"},"modified":"2024-09-05T14:43:41","modified_gmt":"2024-09-05T12:43:41","slug":"anfrage-der-gruenen-fraktion-zu-schlachtstaetten-und-tiertransporten","status":"publish","type":"post","link":"https:\/\/www.gruene-mkk.de\/tr\/anfrage-der-gruenen-fraktion-zu-schlachtstaetten-und-tiertransporten\/","title":{"rendered":"Mezbahalar ve hayvan ta\u015f\u0131mac\u0131l\u0131\u011f\u0131 hakk\u0131nda Ye\u015fil Grup sorusu"},"content":{"rendered":"<p><strong>B\u00f6lgesel g\u0131da \u00fcretimini desteklemek<\/strong><\/p>\n\n\n\n<!--more-->\n\n\n\n<p>2021'den beri Main-Kinzig-Kreis bir eko-model b\u00f6lgedir: Ne yaz\u0131k ki, il\u00e7e bunu yapmak i\u00e7in \u00e7ok zaman ald\u0131 ve Hessen'deki son il\u00e7elerden biri olarak ba\u015fvurdu, diyor Ye\u015fil B\u00f6lge Parlamentosu \u00fcyesi Rainer Vogel. Bununla birlikte, eko-model b\u00f6lge sayesinde, organik ve b\u00f6lgesel g\u0131da \u00fcretimi art\u0131k odak noktas\u0131na geliyor.<\/p>\n\n\n\n<p>\u00d6zellikle, yerel ve b\u00f6lgesel zanaat i\u015fletmeleri, b\u00f6lgedeki t\u00fcketicilere b\u00f6lgesel ve organik g\u0131da \u00fcr\u00fcnlerini k\u0131sa mesafelerde sunmak i\u00e7in belirleyici bir motor olabilir: \u2047 \u00d6zellikle, il\u00e7ede \u00fcretilen \u00e7iftlik hayvanlar\u0131n\u0131n kesimi ve i\u015flenmesi t\u00fcketiciye yak\u0131n ve uzun ula\u015f\u0131m yollar\u0131 olmadan yap\u0131lmal\u0131d\u0131r \u2047 , diyor il\u00e7e \u00e7evre komitesinde Ye\u015filler i\u00e7in oturan Vogel: Ta\u015f\u0131mac\u0131l\u0131k hayvanlar i\u00e7in b\u00fcy\u00fck bir y\u00fckt\u00fcr. B\u00f6lgesel ve h\u0131zl\u0131 bir \u015fekilde eri\u015filebilen mezbahalar sayesinde, hareketli bir mezbaha kullan\u0131larak hayvan ta\u015f\u0131mac\u0131l\u0131\u011f\u0131 b\u00fcy\u00fck \u00f6l\u00e7\u00fcde k\u0131salt\u0131labilir veya hatta tamamen \u00f6nlenebilir.<\/p>\n\n\n\n<p>Bu nedenle Ye\u015filler meclis grubu, y\u00f6netime Main-Kinzig b\u00f6lgesinde ka\u00e7 onayl\u0131 mezbaha oldu\u011funu ve kapasite yetersizli\u011finden dolay\u0131 il\u00e7e d\u0131\u015f\u0131nda ka\u00e7 mezbaha yap\u0131lmas\u0131 gerekti\u011fini soruyor: B\u00fcding mezbahas\u0131n\u0131n kapat\u0131lmas\u0131ndan sonra, Main-Kinzig b\u00f6lgesindeki bir\u00e7ok kasap, do\u011frudan pazarlamac\u0131 ve \u00e7ift\u00e7i de b\u00f6lgedeki hayvanlar\u0131n\u0131 kesme f\u0131rsat\u0131n\u0131 kaybetti. Bu nedenle, b\u00f6lgesel mezbahalar\u0131 te\u015fvik etmek ve hayvan ta\u015f\u0131mac\u0131l\u0131\u011f\u0131n\u0131 \u00f6nlemek i\u00e7in hangi \u00e7abalar\u0131n yap\u0131ld\u0131\u011f\u0131n\u0131 il\u00e7eden bilmek istiyoruz \"dedi.<\/p>\n\n\n\n<p>Hayvan ta\u015f\u0131mac\u0131l\u0131\u011f\u0131 kat\u0131 \u015fartlara tabidir: A 66 ve A 45 otoyollar\u0131nda, \u00e7ok say\u0131da b\u00f6lge \u00fcst\u00fc hayvan ta\u015f\u0131mac\u0131l\u0131\u011f\u0131 Main-Kinzig b\u00f6lgesinden ge\u00e7mektedir. Hayvan refah\u0131na y\u00fcksek talepler getiren tam da bu nakliyelerdir. Bu nedenle, hayvan ta\u015f\u0131ma kontrollerinin say\u0131s\u0131n\u0131 ve ge\u00e7en y\u0131l kaydedilen ihlalleri sormak istiyoruz.  \u2047  Veterinerlik b\u00fcrosundaki mevcut personel say\u0131s\u0131n\u0131n yeterli olup olmad\u0131\u011f\u0131 da a\u00e7\u0131kl\u0131\u011fa kavu\u015fturulmal\u0131d\u0131r.<\/p>\n\n\n\n<p>\u2047 Main-Kinzig'deki Ye\u015filler, b\u00f6lgesel g\u0131da ve k\u0131rsal tar\u0131m \u00fcretimini desteklemeye devam etmek istiyor ve bu nedenle b\u00f6lge y\u00f6netiminden bir talep yoluyla kalan olas\u0131l\u0131klar\u0131 isteyecekler. \u2047  Bu, hayvan \u00e7ift\u00e7ilerini otlatmak i\u00e7in mobil bir mezbahan\u0131n kullan\u0131m\u0131n\u0131 da i\u00e7eriyor, diyor Vogel: \"B\u00f6lgenin \u00c7evre Komitesi'ndeki B\u00fcy\u00fck Koalisyon taraf\u0131ndan, konu\u015fland\u0131rmay\u0131 \u00f6nleyecek AB yasalar\u0131na at\u0131fta bulunarak bir giri\u015fim reddedildi. Wetterau'da bu s\u00fcre zarf\u0131nda bir tanesi ger\u00e7ekle\u015ftirildi. Wetterau'da hangi di\u011fer AB direktiflerinin ge\u00e7erli oldu\u011funu, bunlar\u0131n orada kullan\u0131lmas\u0131n\u0131 m\u00fcmk\u00fcn k\u0131ld\u0131\u011f\u0131n\u0131 ve burada il\u00e7ede hangi de\u011fi\u015fikliklerin yap\u0131lmas\u0131 gerekti\u011fini bilmek istiyoruz.  \u2047<\/p>\n\n\n\n<p>Talebin amac\u0131, \u00f6nemli b\u00f6lgesel g\u0131da \u00fcretim tesislerini yeniden \u00f6n plana \u00e7\u0131karmakt\u0131r: Vogel, Wetterau'nun biti\u015fik eko-model b\u00f6lgesi ile i\u015fbirli\u011finin gelecekte de arzu edilece\u011fini, \u00f6rne\u011fin Main-Kinzig-Kreis ile Wetteraukreis aras\u0131ndaki s\u0131n\u0131r b\u00f6lgesinde kasaplar\u0131n ve do\u011frudan pazarlama \u015firketlerinin ihtiya\u00e7lar\u0131na y\u00f6nelik modern bir mezbahan\u0131n akla yatk\u0131n olaca\u011f\u0131n\u0131 s\u00f6yl\u00fcyor.<\/p>\n\n\n\n<div class=\"wp-block-media-text alignwide is-stacked-on-mobile\" style=\"grid-template-columns:29% auto\"><figure class=\"wp-block-media-text__media\"><img loading=\"lazy\" decoding=\"async\" width=\"800\" height=\"800\" src=\"http:\/\/www.alles-bleibt-anders.org\/wp-content\/uploads\/2021\/11\/Rainer_V-800x800.png\" alt=\"\" class=\"wp-image-116 size-full\" srcset=\"https:\/\/www.gruene-mkk.de\/wp-content\/uploads\/2021\/11\/Rainer_V-800x800.png 800w, https:\/\/www.gruene-mkk.de\/wp-content\/uploads\/2021\/11\/Rainer_V-400x400.png 400w, https:\/\/www.gruene-mkk.de\/wp-content\/uploads\/2021\/11\/Rainer_V-150x150.png 150w, https:\/\/www.gruene-mkk.de\/wp-content\/uploads\/2021\/11\/Rainer_V-768x768.png 768w, https:\/\/www.gruene-mkk.de\/wp-content\/uploads\/2021\/11\/Rainer_V.png 1200w\" sizes=\"auto, (max-width: 800px) 100vw, 800px\" \/><\/figure><div class=\"wp-block-media-text__content\">\n<p class=\"has-medium-font-size\">Rainer Vogel<\/p>\n\n\n\n<p>B\u00f6lge Parlamenterler Grubu \u00dcyesi<\/p>\n<\/div><\/div>\n\n\n\n<hr class=\"wp-block-separator\"\/>\n\n\n\n<p>Sorular i\u00e7in:<\/p>\n\n\n\n<p>Jakob M\u00e4hler<br>Grup genel m\u00fcd\u00fcr\u00fc<br>\u0130ttifak 90 \/ Ye\u015filler Main-Kinzig'de<br>06181\/61596<br>0176\/46763336<br>fraktion@gruene-mkk.de<\/p>","protected":false},"excerpt":{"rendered":"<p>B\u00f6lgesel g\u0131da \u00fcretimini desteklemek<\/p>","protected":false},"author":-1,"featured_media":0,"comment_status":"open","ping_status":"open","sticky":false,"template":"","format":"standard","meta":{"footnotes":""},"categories":[2],"tags":[],"class_list":["post-223","post","type-post","status-publish","format-standard","hentry","category-newskreistagsfraktion"],"_links":{"self":[{"href":"https:\/\/www.gruene-mkk.de\/tr\/wp-json\/wp\/v2\/posts\/223","targetHints":{"allow":["GET"]}}],"collection":[{"href":"https:\/\/www.gruene-mkk.de\/tr\/wp-json\/wp\/v2\/posts"}],"about":[{"href":"https:\/\/www.gruene-mkk.de\/tr\/wp-json\/wp\/v2\/types\/post"}],"author":[{"embeddable":true,"href":"https:\/\/www.gruene-mkk.de\/tr\/wp-json\/wp\/v2\/users\/2"}],"replies":[{"embeddable":true,"href":"https:\/\/www.gruene-mkk.de\/tr\/wp-json\/wp\/v2\/comments?post=223"}],"version-history":[{"count":1,"href":"https:\/\/www.gruene-mkk.de\/tr\/wp-json\/wp\/v2\/posts\/223\/revisions"}],"predecessor-version":[{"id":224,"href":"https:\/\/www.gruene-mkk.de\/tr\/wp-json\/wp\/v2\/posts\/223\/revisions\/224"}],"wp:attachment":[{"href":"https:\/\/www.gruene-mkk.de\/tr\/wp-json\/wp\/v2\/media?parent=223"}],"wp:term":[{"taxonomy":"category","embeddable":true,"href":"https:\/\/www.gruene-mkk.de\/tr\/wp-json\/wp\/v2\/categories?post=223"},{"taxonomy":"post_tag","embeddable":true,"href":"https:\/\/www.gruene-mkk.de\/tr\/wp-json\/wp\/v2\/tags?post=223"}],"curies":[{"name":"wp","href":"https:\/\/api.w.org\/{rel}","templated":true}]}}