{"id":2177,"date":"2024-04-10T16:30:23","date_gmt":"2024-04-10T14:30:23","guid":{"rendered":"https:\/\/www.gruene-mkk.de\/?p=2177"},"modified":"2024-04-29T16:32:16","modified_gmt":"2024-04-29T14:32:16","slug":"fruehstueck-mit-den-gruenen-ue60","status":"publish","type":"post","link":"https:\/\/www.gruene-mkk.de\/tr\/fruehstueck-mit-den-gruenen-ue60\/","title":{"rendered":"Ye\u015filliklerle Kahvalt\u0131 \u00dc60!"},"content":{"rendered":"<p>GREEN \u00dc60'\u0131n son toplant\u0131s\u0131nda kararla\u015ft\u0131r\u0131ld\u0131\u011f\u0131 gibi, bu y\u0131l tekrar bulu\u015fmak istiyoruz. Toplant\u0131 cumartesi g\u00fcn\u00fc yap\u0131lacak. <strong>04 May\u0131s sabah 10'dan itibaren Caf\u00e9 Hexenturm'da<\/strong> (Barbarossa sokak 3-5, 63571 Gelnhausen).<\/p>\n\n\n\n<p>\u0130sterseniz, a\u015fa\u011f\u0131daki ba\u011flant\u0131n\u0131n alt\u0131nda ne oldu\u011funu g\u00f6rebilirsiniz: <a href=\"https:\/\/www.cafezumhexenturm.de\/\">https:\/\/www.cafezumhexenturm.de\/<\/a><\/p>\n\n\n\n<p>L\u00fctfen bize e-posta ile ula\u015f\u0131n <a href=\"#\" data-unscramble=\"ed.kkm-eneurg@vk\">kv@gruene-mkk.de<\/a> i\u00e7in. - Evet. Bu da planlamam\u0131z\u0131 kolayla\u015ft\u0131r\u0131yor.<\/p>","protected":false},"excerpt":{"rendered":"<p>GREEN \u00dc60'\u0131n son toplant\u0131s\u0131nda kararla\u015ft\u0131r\u0131ld\u0131\u011f\u0131 gibi, bu y\u0131l tekrar bulu\u015fmak istiyoruz. Toplant\u0131, 04 May\u0131s Cumartesi g\u00fcn\u00fc saat 10'dan itibaren Caf\u00e9 Hexenturm'da ger\u00e7ekle\u015fecek [...]<\/p>","protected":false},"author":-1,"featured_media":2178,"comment_status":"closed","ping_status":"open","sticky":true,"template":"","format":"standard","meta":{"footnotes":""},"categories":[1],"tags":[],"class_list":["post-2177","post","type-post","status-publish","format-standard","has-post-thumbnail","hentry","category-allgemein"],"_links":{"self":[{"href":"https:\/\/www.gruene-mkk.de\/tr\/wp-json\/wp\/v2\/posts\/2177","targetHints":{"allow":["GET"]}}],"collection":[{"href":"https:\/\/www.gruene-mkk.de\/tr\/wp-json\/wp\/v2\/posts"}],"about":[{"href":"https:\/\/www.gruene-mkk.de\/tr\/wp-json\/wp\/v2\/types\/post"}],"author":[{"embeddable":true,"href":"https:\/\/www.gruene-mkk.de\/tr\/wp-json\/wp\/v2\/users\/2"}],"replies":[{"embeddable":true,"href":"https:\/\/www.gruene-mkk.de\/tr\/wp-json\/wp\/v2\/comments?post=2177"}],"version-history":[{"count":1,"href":"https:\/\/www.gruene-mkk.de\/tr\/wp-json\/wp\/v2\/posts\/2177\/revisions"}],"predecessor-version":[{"id":2179,"href":"https:\/\/www.gruene-mkk.de\/tr\/wp-json\/wp\/v2\/posts\/2177\/revisions\/2179"}],"wp:featuredmedia":[{"embeddable":true,"href":"https:\/\/www.gruene-mkk.de\/tr\/wp-json\/wp\/v2\/media\/2178"}],"wp:attachment":[{"href":"https:\/\/www.gruene-mkk.de\/tr\/wp-json\/wp\/v2\/media?parent=2177"}],"wp:term":[{"taxonomy":"category","embeddable":true,"href":"https:\/\/www.gruene-mkk.de\/tr\/wp-json\/wp\/v2\/categories?post=2177"},{"taxonomy":"post_tag","embeddable":true,"href":"https:\/\/www.gruene-mkk.de\/tr\/wp-json\/wp\/v2\/tags?post=2177"}],"curies":[{"name":"wp","href":"https:\/\/api.w.org\/{rel}","templated":true}]}}