{"id":2161,"date":"2024-04-29T12:01:47","date_gmt":"2024-04-29T10:01:47","guid":{"rendered":"https:\/\/www.gruene-mkk.de\/?p=2161"},"modified":"2024-04-29T16:32:35","modified_gmt":"2024-04-29T14:32:35","slug":"fruehstueck-mit-felix-martin-gruene-main-kinzig-starten-motiviert-in-den-europa-wahlkampf","status":"publish","type":"post","link":"https:\/\/www.gruene-mkk.de\/tr\/fruehstueck-mit-felix-martin-gruene-main-kinzig-starten-motiviert-in-den-europa-wahlkampf\/","title":{"rendered":"Felix Martin ile kahvalt\u0131: Ye\u015fil Main-Kinzig, Avrupa se\u00e7im kampanyas\u0131nda motive oldu"},"content":{"rendered":"<p>27.04.2024 Cumartesi g\u00fcn\u00fc, Ye\u015filler Main-Kinzig'in se\u00e7im kampanyas\u0131 kahvalt\u0131s\u0131 Hanau ofisinde parlamento \u00fcyesi Felix Martin ile ger\u00e7ekle\u015fti. \u00c7ok say\u0131da \u00fcye daveti kabul etti ve yakla\u015fmakta olan se\u00e7im kampanyas\u0131n\u0131 birlikte ba\u015flatmak i\u00e7in motivasyonla bir araya geldi.<\/p>\n\n\n\n<p>Kahvalt\u0131da, \u00fcyeler Martin ile ye\u015fil bir Avrupa i\u00e7in fikir ve hedef al\u0131\u015fveri\u015finde bulundular. Felix Martin, se\u00e7imlerin sadece Avrupa'ya de\u011fil, ayn\u0131 zamanda demokrasiye de karar verece\u011fini vurguluyor. AFD'nin ba\u015f aday\u0131 Rusya'dan para al\u0131yor gibi g\u00f6r\u00fcn\u00fcyor. En yak\u0131n arkada\u015f\u0131 \u00c7in i\u00e7in casusluk yapt\u0131\u011f\u0131 i\u00e7in tutukland\u0131. Bu Avrupa se\u00e7imleri, demokrasiyi bir b\u00fct\u00fcn olarak g\u00fc\u00e7lendirmek ve hainlerin, casuslar\u0131n ve su\u00e7lular\u0131n Avrupa Parlamentosu'na se\u00e7ilmemesini sa\u011flamakla ilgilidir. Bu bir bar\u0131\u015f, \u00f6zg\u00fcrl\u00fck ve dayan\u0131\u015fma Avrupa's\u0131d\u0131r. Bu nedenle oy kullanma hakk\u0131n\u0131z\u0131 kullanmak ve 9 Haziran'da oy kullanmak \u00e7ok \u00f6nemlidir. Bu arada: \u0130lk kez, 16 ya\u015f ve \u00fcst\u00fc t\u00fcm AB vatanda\u015flar\u0131n\u0131n oy kullanmas\u0131na izin verildi.<\/p>\n\n\n\n<p>Green Main-Kinzig s\u00f6zc\u00fcs\u00fc Anja Zeller ve Thomas Gassen, \"Kahvalt\u0131 se\u00e7im kampanyas\u0131 i\u00e7in iyi bir ba\u015flang\u0131\u00e7t\u0131\" dedi. \u2047  \u00dcyelerimiz son derece motive ve kararl\u0131d\u0131r  \u2047  birlikte g\u00fc\u00e7l\u00fc bir Avrupa ve demokrasi i\u00e7in \u00e7al\u0131\u015faca\u011f\u0131z. \u2047<\/p>","protected":false},"excerpt":{"rendered":"<p>27.04.2024 Cumartesi g\u00fcn\u00fc, Ye\u015filler Main-Kinzig'in se\u00e7im kampanyas\u0131 kahvalt\u0131s\u0131 Hanau ofisinde parlamento \u00fcyesi Felix Martin ile ger\u00e7ekle\u015fti. Bir\u00e7ok \u00fcye daveti kabul etti ve [...]<\/p>","protected":false},"author":-1,"featured_media":2162,"comment_status":"closed","ping_status":"open","sticky":true,"template":"","format":"standard","meta":{"footnotes":""},"categories":[1],"tags":[],"class_list":["post-2161","post","type-post","status-publish","format-standard","has-post-thumbnail","hentry","category-allgemein"],"_links":{"self":[{"href":"https:\/\/www.gruene-mkk.de\/tr\/wp-json\/wp\/v2\/posts\/2161","targetHints":{"allow":["GET"]}}],"collection":[{"href":"https:\/\/www.gruene-mkk.de\/tr\/wp-json\/wp\/v2\/posts"}],"about":[{"href":"https:\/\/www.gruene-mkk.de\/tr\/wp-json\/wp\/v2\/types\/post"}],"author":[{"embeddable":true,"href":"https:\/\/www.gruene-mkk.de\/tr\/wp-json\/wp\/v2\/users\/2"}],"replies":[{"embeddable":true,"href":"https:\/\/www.gruene-mkk.de\/tr\/wp-json\/wp\/v2\/comments?post=2161"}],"version-history":[{"count":1,"href":"https:\/\/www.gruene-mkk.de\/tr\/wp-json\/wp\/v2\/posts\/2161\/revisions"}],"predecessor-version":[{"id":2163,"href":"https:\/\/www.gruene-mkk.de\/tr\/wp-json\/wp\/v2\/posts\/2161\/revisions\/2163"}],"wp:featuredmedia":[{"embeddable":true,"href":"https:\/\/www.gruene-mkk.de\/tr\/wp-json\/wp\/v2\/media\/2162"}],"wp:attachment":[{"href":"https:\/\/www.gruene-mkk.de\/tr\/wp-json\/wp\/v2\/media?parent=2161"}],"wp:term":[{"taxonomy":"category","embeddable":true,"href":"https:\/\/www.gruene-mkk.de\/tr\/wp-json\/wp\/v2\/categories?post=2161"},{"taxonomy":"post_tag","embeddable":true,"href":"https:\/\/www.gruene-mkk.de\/tr\/wp-json\/wp\/v2\/tags?post=2161"}],"curies":[{"name":"wp","href":"https:\/\/api.w.org\/{rel}","templated":true}]}}