{"id":2157,"date":"2024-04-29T11:58:52","date_gmt":"2024-04-29T09:58:52","guid":{"rendered":"https:\/\/www.gruene-mkk.de\/?p=2157"},"modified":"2024-04-29T11:58:53","modified_gmt":"2024-04-29T09:58:53","slug":"wir-suchen-dich-fuer-unsere-wahlkampf-staende-im-mkk","status":"publish","type":"post","link":"https:\/\/www.gruene-mkk.de\/tr\/wir-suchen-dich-fuer-unsere-wahlkampf-staende-im-mkk\/","title":{"rendered":"MKK'daki kampanya standlar\u0131m\u0131z i\u00e7in sizleri bekliyoruz!"},"content":{"rendered":"<p><strong>Sen de \u00f6nemli olan\u0131 yap.<\/strong> ve Main-Kinzig-Kreis'teki se\u00e7im stantlar\u0131nda bizi destekleyin!<\/p>\n\n\n\n<p>Yerel derneklerle birlikte <strong>Hanau, Gelnhausen ve Schl\u00fcchtern<\/strong> Se\u00e7imden \u00f6nceki \u00fc\u00e7 hafta sonu kampanya tezgahlar\u0131 d\u00fczenledik.<\/p>\n\n\n\n<p>Burada bir genel bak\u0131\u015f bulacaks\u0131n\u0131z. Sorguya randevunuzu girin.<\/p>\n\n\n\n<p><strong>Hanau<\/strong><\/p>\n\n\n\n<ul class=\"wp-block-list\">\n<li><a href=\"https:\/\/termite.gruene.de\/htdjGbaEv3CB2djT\">Cumartesi, 04.05.24 Freiheitsplatz, Hanau'da 09:00-13:00 saatleri aras\u0131nda se\u00e7im stand\u0131<\/a><\/li>\n\n\n\n<li><a href=\"https:\/\/termite.gruene.de\/htdjGbaEv3CB2djT\">Cumartesi, 11.05.24 Pazar yerinde se\u00e7im stand\u0131, Hanau 09:00 - 13:00 saatleri aras\u0131nda<\/a><\/li>\n\n\n\n<li><a href=\"https:\/\/termite.gruene.de\/htdjGbaEv3CB2djT\">Cumartesi, 18.05.24 Freiheitsplatz, Hanau'da 09:00-13:00 saatleri aras\u0131nda se\u00e7im stand\u0131<\/a><\/li>\n\n\n\n<li><a href=\"https:\/\/termite.gruene.de\/htdjGbaEv3CB2djT\">Cumartesi, 25.05.24 Pazar yerinde se\u00e7im stand\u0131, Hanau 09:00 - 13:00 saatleri aras\u0131nda<\/a><\/li>\n\n\n\n<li><a href=\"https:\/\/termite.gruene.de\/htdjGbaEv3CB2djT\">Cumartesi, 01.06.24 Freiheitsplatz, Hanau'da 09:00-13:00 saatleri aras\u0131nda se\u00e7im stand\u0131<\/a><\/li>\n\n\n\n<li><a href=\"https:\/\/termite.gruene.de\/htdjGbaEv3CB2djT\">Cumartesi, 08.06.24 Pazar yerinde se\u00e7im stand\u0131, Hanau 09:00 - 13:00 saatleri aras\u0131nda<\/a><\/li>\n<\/ul>\n\n\n\n<p><strong>Gelnhausen<\/strong><\/p>\n\n\n\n<ul class=\"wp-block-list\">\n<li><a href=\"https:\/\/termite.gruene.de\/ejQERA5wYJWzt4tn\">Fr, 24.05.24 Am Obermarkt, Gelnhausen'de 09:00-13:00 saatleri aras\u0131nda se\u00e7im stand\u0131<\/a><\/li>\n\n\n\n<li><a href=\"https:\/\/termite.gruene.de\/ejQERA5wYJWzt4tn\">Fr, 31.05.24 Am Obermarkt, Gelnhausen'de 09:00-13:00 saatleri aras\u0131nda se\u00e7im stand\u0131<\/a><\/li>\n\n\n\n<li><a href=\"https:\/\/termite.gruene.de\/ejQERA5wYJWzt4tn\">Fr, 07.06.24 Am Obermarkt, Gelnhausen'de 09:00-13:00 saatleri aras\u0131nda se\u00e7im stand\u0131<\/a><\/li>\n<\/ul>\n\n\n\n<p><strong>utanga\u00e7<\/strong><\/p>\n\n\n\n<ul class=\"wp-block-list\">\n<li><a href=\"https:\/\/termite.gruene.de\/hjzNnrJ3IZDWTj7S\">Cumartesi, 25.05.24 Schl\u00fcchtern'de 09:00-13:00 saatleri aras\u0131nda se\u00e7im stand\u0131<\/a><\/li>\n\n\n\n<li><a href=\"https:\/\/termite.gruene.de\/hjzNnrJ3IZDWTj7S\">Cumartesi, 01.06.24 Schl\u00fcchtern'de 09:00-13:00 saatleri aras\u0131nda se\u00e7im stand\u0131<\/a><\/li>\n\n\n\n<li><a href=\"https:\/\/termite.gruene.de\/hjzNnrJ3IZDWTj7S\">Cumartesi, 08.06.24 Schl\u00fcchtern'de 09:00-13:00 saatleri aras\u0131nda se\u00e7im stand\u0131<\/a><\/li>\n<\/ul>\n\n\n\n<p>Avrupa se\u00e7im kampanyas\u0131 i\u00e7in mesajlar\u0131m\u0131z\u0131 se\u00e7menlere iletmek i\u00e7in bize kat\u0131l\u0131n.<\/p>","protected":false},"excerpt":{"rendered":"<p>Main-Kinzig-Kreis'teki se\u00e7im stantlar\u0131nda \u00f6nemli olan\u0131 yap\u0131n ve bizi destekleyin! Hanau, Gelnhausen ve Schl\u00fcchtern'deki yerel derneklerle birlikte, [...]<\/p>","protected":false},"author":-1,"featured_media":2159,"comment_status":"closed","ping_status":"open","sticky":true,"template":"","format":"standard","meta":{"footnotes":""},"categories":[1],"tags":[],"class_list":["post-2157","post","type-post","status-publish","format-standard","has-post-thumbnail","hentry","category-allgemein"],"_links":{"self":[{"href":"https:\/\/www.gruene-mkk.de\/tr\/wp-json\/wp\/v2\/posts\/2157","targetHints":{"allow":["GET"]}}],"collection":[{"href":"https:\/\/www.gruene-mkk.de\/tr\/wp-json\/wp\/v2\/posts"}],"about":[{"href":"https:\/\/www.gruene-mkk.de\/tr\/wp-json\/wp\/v2\/types\/post"}],"author":[{"embeddable":true,"href":"https:\/\/www.gruene-mkk.de\/tr\/wp-json\/wp\/v2\/users\/2"}],"replies":[{"embeddable":true,"href":"https:\/\/www.gruene-mkk.de\/tr\/wp-json\/wp\/v2\/comments?post=2157"}],"version-history":[{"count":1,"href":"https:\/\/www.gruene-mkk.de\/tr\/wp-json\/wp\/v2\/posts\/2157\/revisions"}],"predecessor-version":[{"id":2160,"href":"https:\/\/www.gruene-mkk.de\/tr\/wp-json\/wp\/v2\/posts\/2157\/revisions\/2160"}],"wp:featuredmedia":[{"embeddable":true,"href":"https:\/\/www.gruene-mkk.de\/tr\/wp-json\/wp\/v2\/media\/2159"}],"wp:attachment":[{"href":"https:\/\/www.gruene-mkk.de\/tr\/wp-json\/wp\/v2\/media?parent=2157"}],"wp:term":[{"taxonomy":"category","embeddable":true,"href":"https:\/\/www.gruene-mkk.de\/tr\/wp-json\/wp\/v2\/categories?post=2157"},{"taxonomy":"post_tag","embeddable":true,"href":"https:\/\/www.gruene-mkk.de\/tr\/wp-json\/wp\/v2\/tags?post=2157"}],"curies":[{"name":"wp","href":"https:\/\/api.w.org\/{rel}","templated":true}]}}