{"id":2120,"date":"2024-04-17T10:21:23","date_gmt":"2024-04-17T08:21:23","guid":{"rendered":"https:\/\/www.gruene-mkk.de\/?p=2120"},"modified":"2024-04-17T10:23:00","modified_gmt":"2024-04-17T08:23:00","slug":"grenzueberschreitende-1-mai-radtour","status":"publish","type":"post","link":"https:\/\/www.gruene-mkk.de\/tr\/grenzueberschreitende-1-mai-radtour\/","title":{"rendered":"S\u0131n\u0131r \u00d6tesi 1 May\u0131s Bisiklet Turu"},"content":{"rendered":"<p>1 May\u0131s bisiklet turumuz, sizi KV Aschaffenburg \/ Land ve Offenbach \/ Land ile birlikte davet etti\u011fimiz \u00fc\u00e7 b\u00f6lge derne\u011fi, iki federal eyalet ve bir nehir \u00fczerinden ge\u00e7iyor.<\/p>\n\n\n\n<p>Bulu\u015fma noktas\u0131 \u015fu anda <strong>1 May\u0131s \u00c7ar\u015famba, saat 11'de Kahl'daki istasyonda.<\/strong> Kalk\u0131\u015f saat 11.15 civar\u0131.<\/p>\n\n\n\n<p>Bir\u00e7ok yolcunun on y\u0131llard\u0131r istedi\u011fi engelsiz geni\u015fleme Kahler Bahnhof'tan yola \u00e7\u0131karken, Avrupa K\u00fclt\u00fcr Rotas\u0131'n\u0131n b\u00f6l\u00fcmleri Kahlaue ve Kahler Ortskern aras\u0131nda yeni bir ba\u011flant\u0131ya yol a\u00e7\u0131yor. Bu orijinal Ye\u015fil fikir nihayet \u00e7o\u011funluk buldu ve birka\u00e7 ayd\u0131r uygulan\u0131yor. Oradan Kahl boyunca Main'deki a\u011fz\u0131na, Bavyera'n\u0131n en al\u00e7ak noktas\u0131na ula\u015f\u0131yoruz.<\/p>\n\n\n\n<p>Yukar\u0131 Main biz Gro\u00dfkrotzenburg devam, Kreuzburggymnasium kapatmak ve Hanau \u2047  um Hanau \u2047   \u2047 Gr\u00fcner Ring do\u011fa rezerv Schifflache tan\u0131mak i\u00e7in Hanauer Wald k\u0131sa bir dolamba\u00e7l\u0131 yapmak.<\/p>\n\n\n\n<p>Daha sonra Gro\u00dfkrotzenburger k\u00f6y merkezinden Mainschleuse'ye gider. GKr ve Hainburg'daki Ye\u015filler uzun zamand\u0131r kilit k\u00f6pr\u00fcs\u00fcne engelsiz rampalar yapmaya kararl\u0131lar. Hainburg'da dondurma d\u00fckkan\u0131 Henss'te turu dondurmayla bitirmek istiyoruz.<\/p>\n\n\n\n<p>Yolda de\u011fi\u015fim ve bilgi i\u00e7in bol miktarda yer olacak. Bir\u00e7ok bisiklet\u00e7iyi sab\u0131rs\u0131zl\u0131kla bekliyoruz!<\/p>","protected":false},"excerpt":{"rendered":"<p>1 May\u0131s bisiklet turumuz, sizi KV Aschaffenburg \/ Land ve Offenbach \/ Land ile birlikte davet etti\u011fimiz \u00fc\u00e7 b\u00f6lge derne\u011fi, iki federal eyalet ve bir nehir \u00fczerinden ge\u00e7iyor. Bulu\u015fma noktas\u0131 \u00e7ar\u015famba g\u00fcn\u00fc [...]<\/p>","protected":false},"author":-1,"featured_media":2122,"comment_status":"closed","ping_status":"open","sticky":true,"template":"","format":"standard","meta":{"footnotes":""},"categories":[1],"tags":[],"class_list":["post-2120","post","type-post","status-publish","format-standard","has-post-thumbnail","hentry","category-allgemein"],"_links":{"self":[{"href":"https:\/\/www.gruene-mkk.de\/tr\/wp-json\/wp\/v2\/posts\/2120","targetHints":{"allow":["GET"]}}],"collection":[{"href":"https:\/\/www.gruene-mkk.de\/tr\/wp-json\/wp\/v2\/posts"}],"about":[{"href":"https:\/\/www.gruene-mkk.de\/tr\/wp-json\/wp\/v2\/types\/post"}],"author":[{"embeddable":true,"href":"https:\/\/www.gruene-mkk.de\/tr\/wp-json\/wp\/v2\/users\/2"}],"replies":[{"embeddable":true,"href":"https:\/\/www.gruene-mkk.de\/tr\/wp-json\/wp\/v2\/comments?post=2120"}],"version-history":[{"count":1,"href":"https:\/\/www.gruene-mkk.de\/tr\/wp-json\/wp\/v2\/posts\/2120\/revisions"}],"predecessor-version":[{"id":2123,"href":"https:\/\/www.gruene-mkk.de\/tr\/wp-json\/wp\/v2\/posts\/2120\/revisions\/2123"}],"wp:featuredmedia":[{"embeddable":true,"href":"https:\/\/www.gruene-mkk.de\/tr\/wp-json\/wp\/v2\/media\/2122"}],"wp:attachment":[{"href":"https:\/\/www.gruene-mkk.de\/tr\/wp-json\/wp\/v2\/media?parent=2120"}],"wp:term":[{"taxonomy":"category","embeddable":true,"href":"https:\/\/www.gruene-mkk.de\/tr\/wp-json\/wp\/v2\/categories?post=2120"},{"taxonomy":"post_tag","embeddable":true,"href":"https:\/\/www.gruene-mkk.de\/tr\/wp-json\/wp\/v2\/tags?post=2120"}],"curies":[{"name":"wp","href":"https:\/\/api.w.org\/{rel}","templated":true}]}}