{"id":2079,"date":"2024-02-26T16:25:42","date_gmt":"2024-02-26T15:25:42","guid":{"rendered":"https:\/\/www.gruene-mkk.de\/?p=2079"},"modified":"2024-09-05T14:26:18","modified_gmt":"2024-09-05T12:26:18","slug":"gruene-main-kinzig-danken-ihrem-buergermeisterkandidaten-wolfgang-seifried-sehr-fuer-seinen-wahlkampf-in-schoeneck","status":"publish","type":"post","link":"https:\/\/www.gruene-mkk.de\/tr\/gruene-main-kinzig-danken-ihrem-buergermeisterkandidaten-wolfgang-seifried-sehr-fuer-seinen-wahlkampf-in-schoeneck\/","title":{"rendered":"Gr\u00fcne Main-Kinzig, belediye ba\u015fkan aday\u0131 Wolfgang Seifried'e Sch\u00f6neck'teki se\u00e7im kampanyas\u0131 i\u00e7in \u00e7ok te\u015fekk\u00fcr ediyor"},"content":{"rendered":"<p>Ye\u015fil Main-Kinzig il\u00e7e birli\u011fi, Sch\u00f6neck'teki belediye ba\u015fkanl\u0131\u011f\u0131 se\u00e7imlerinde adaylar\u0131 Wolfgang Seifried'in sonucundan memnun. Se\u00e7imlerde 18.23'e ula\u015ft\u0131.% Bu, son iki se\u00e7imde Ye\u015fillerin ulusal ve ulusal ortalamalar\u0131n\u0131n \u00fczerindedir.<\/p>\n\n\n\n<p>\u00c7evreye duyarl\u0131 ve vatanda\u015f odakl\u0131 bir politikac\u0131 olarak bilinen Seifried, ikna edici bir se\u00e7im kampanyas\u0131na ve s\u00fcrd\u00fcr\u00fclebilir toplum geli\u015fimi i\u00e7in net vizyonlara ra\u011fmen gerekli \u00e7o\u011funlu\u011fa ula\u015famad\u0131 ve \u00fc\u00e7\u00fcnc\u00fcl\u00fc\u011fe ula\u015ft\u0131. Bununla birlikte, Ye\u015fil \u00c7ember Derne\u011fi, Seifried'in taahh\u00fcd\u00fcn\u00fc ve Sch\u00f6neck'te ya\u015famaya de\u011fer bir gelece\u011fe olan b\u00fcy\u00fck ba\u011fl\u0131l\u0131\u011f\u0131n\u0131 \u00f6v\u00fcyor.<\/p>\n\n\n\n<p>Wolfgang Seifried'e \u00f6zel se\u00e7im kampanyas\u0131 i\u00e7in te\u015fekk\u00fcr etmek istiyoruz. Sch\u00f6neck'te g\u00fc\u00e7l\u00fc ve vatanda\u015fa yak\u0131n bir se\u00e7im kampanyas\u0131 y\u00fcr\u00fctt\u00fc. Bu kampanyadan edindi\u011fi deneyim, Sch\u00f6neck'te s\u00fcrd\u00fcr\u00fclebilir kalk\u0131nma i\u00e7in Grup lideri olarak \u00e7al\u0131\u015fmaya devam etmesine kesinlikle yard\u0131mc\u0131 olacak \"dedi Ye\u015filler Main-Kinzig s\u00f6zc\u00fcs\u00fc Anja Zeller ve Thomas Gassen.<\/p>\n\n\n\n<p>Wolfgang Seifried se\u00e7imlerden sonra ileriye bak\u0131yor: Se\u00e7menlerime te\u015fekk\u00fcr etmek istiyorum ve daha \u00f6nce oldu\u011fu gibi, se\u00e7im kampanyas\u0131nda da tart\u0131\u015ft\u0131\u011f\u0131m ve bence Sch\u00f6neck'te her \u015feyden \u00f6nce yerel iklim korumas\u0131 i\u00e7in a\u00e7\u0131k\u00e7a ihmal edilen \u015feyler i\u00e7in Ye\u015fil Grup ile \u00e7al\u0131\u015fmaya devam edece\u011fime s\u00f6z veriyorum. \u0130tici g\u00fcc\u00fcm, Sch\u00f6neck'te benim i\u00e7in ba\u015flayan bu d\u00fcnyan\u0131n gelece\u011fini \u015fekillendirmeye devam ediyor.<\/p>\n\n\n\n<p>Main-Kinzig'deki Ye\u015filler, se\u00e7im kampanyas\u0131nda Wolfgang Seifried'i destekleyen t\u00fcm taraftarlara, yard\u0131mc\u0131lara ve se\u00e7menlere te\u015fekk\u00fcr etmek istiyor. Birlikte, Sch\u00f6neck'te \u00e7evre ve iklim koruma, sosyal adalet, dijitalle\u015fme ve vatanda\u015f kat\u0131l\u0131m\u0131 i\u00e7in \u00e7al\u0131\u015fmaya devam edecekler.<\/p>","protected":false},"excerpt":{"rendered":"<p>Ye\u015fil Main-Kinzig il\u00e7e birli\u011fi, Sch\u00f6neck'teki belediye ba\u015fkanl\u0131\u011f\u0131 se\u00e7imlerinde adaylar\u0131 Wolfgang Seifried'in sonucundan memnun. Se\u00e7imlerde 18.23'e ula\u015ft\u0131.% Bu nedenle, yukar\u0131da [...]<\/p>","protected":false},"author":-1,"featured_media":0,"comment_status":"closed","ping_status":"open","sticky":true,"template":"","format":"standard","meta":{"footnotes":""},"categories":[1],"tags":[],"class_list":["post-2079","post","type-post","status-publish","format-standard","hentry","category-allgemein"],"_links":{"self":[{"href":"https:\/\/www.gruene-mkk.de\/tr\/wp-json\/wp\/v2\/posts\/2079","targetHints":{"allow":["GET"]}}],"collection":[{"href":"https:\/\/www.gruene-mkk.de\/tr\/wp-json\/wp\/v2\/posts"}],"about":[{"href":"https:\/\/www.gruene-mkk.de\/tr\/wp-json\/wp\/v2\/types\/post"}],"author":[{"embeddable":true,"href":"https:\/\/www.gruene-mkk.de\/tr\/wp-json\/wp\/v2\/users\/2"}],"replies":[{"embeddable":true,"href":"https:\/\/www.gruene-mkk.de\/tr\/wp-json\/wp\/v2\/comments?post=2079"}],"version-history":[{"count":1,"href":"https:\/\/www.gruene-mkk.de\/tr\/wp-json\/wp\/v2\/posts\/2079\/revisions"}],"predecessor-version":[{"id":2080,"href":"https:\/\/www.gruene-mkk.de\/tr\/wp-json\/wp\/v2\/posts\/2079\/revisions\/2080"}],"wp:attachment":[{"href":"https:\/\/www.gruene-mkk.de\/tr\/wp-json\/wp\/v2\/media?parent=2079"}],"wp:term":[{"taxonomy":"category","embeddable":true,"href":"https:\/\/www.gruene-mkk.de\/tr\/wp-json\/wp\/v2\/categories?post=2079"},{"taxonomy":"post_tag","embeddable":true,"href":"https:\/\/www.gruene-mkk.de\/tr\/wp-json\/wp\/v2\/tags?post=2079"}],"curies":[{"name":"wp","href":"https:\/\/api.w.org\/{rel}","templated":true}]}}