{"id":2077,"date":"2024-02-26T16:19:25","date_gmt":"2024-02-26T15:19:25","guid":{"rendered":"https:\/\/www.gruene-mkk.de\/?p=2077"},"modified":"2024-09-05T14:25:34","modified_gmt":"2024-09-05T12:25:34","slug":"gruene-main-kinzig-wachsen","status":"publish","type":"post","link":"https:\/\/www.gruene-mkk.de\/tr\/gruene-main-kinzig-wachsen\/","title":{"rendered":"B\u00fcy\u00fcyen ye\u015fil Main-Kinzig"},"content":{"rendered":"<p>Ye\u015fil B\u00f6lge Derne\u011fi Main-Kinzig, y\u0131l\u0131n ba\u015f\u0131ndan bu yana yeni \u00fcyeleri a\u011f\u0131rlamaktan mutluluk duyuyor. Artan destek\u00e7i say\u0131s\u0131, ye\u015fil konulara ve derne\u011fin siyasi \u00e7al\u0131\u015fmalar\u0131na artan ilgiyi g\u00f6stermektedir.<\/p>\n\n\n\n<p>\u00c7al\u0131\u015fmalar\u0131m\u0131za g\u00f6sterilen yo\u011fun ilgiden \u00e7ok memnunuz ve t\u00fcm yeni \u00fcyeleri il\u00e7e derne\u011fimize bekliyoruz. Tam da bu zamanlarda, bu kadar \u00e7ok insan\u0131n t\u00fcm insanlar i\u00e7in s\u00fcrd\u00fcr\u00fclebilir ve adil bir gelecek i\u00e7in \u00e7al\u0131\u015fmak istedi\u011fi ger\u00e7e\u011fini b\u00fcy\u00fck \u00f6l\u00e7\u00fcde takdir ediyoruz \"diyor Ye\u015fil Parti Main-Kinzig s\u00f6zc\u00fcs\u00fc Anja Zeller ve Thomas Gassen.<\/p>\n\n\n\n<p>Yeni \u00fcyelerle birlikte, Ye\u015fil \u00c7ember Derne\u011fi sadece b\u00fcy\u00fckl\u00fck kazanmakla kalm\u0131yor, ayn\u0131 zamanda \u00e7e\u015fitlilik ve yarat\u0131c\u0131l\u0131k da kazan\u0131yor. Yeni \u00fcyelerin yeni d\u00fcrt\u00fcleri ve ba\u011fl\u0131l\u0131klar\u0131 derne\u011fin \u00e7al\u0131\u015fmalar\u0131n\u0131 zenginle\u015ftirir ve sahadaki ye\u015fil hareketi g\u00fc\u00e7lendirir.<\/p>\n\n\n\n<p>Ayr\u0131ca ye\u015fil konulara kendini adam\u0131\u015f veya parti \u00e7al\u0131\u015fmalar\u0131 hakk\u0131nda kendilerini bilgilendirmek isteyen ilgili taraflar, 2 Mart 2024 Cumartesi g\u00fcn\u00fc saat 10:00'da Calvinstr Ye\u015fil Ofis'te \u00fcyelerimizin kahvalt\u0131s\u0131na davetlidir. 10, 63450 Hanau'da. \u0130l\u00e7e derne\u011fine kat\u0131lan ve ya\u015fanabilir bir ortam\u0131n tasar\u0131m\u0131na aktif olarak kat\u0131lan herkes i\u00e7in mutluyuz.<\/p>","protected":false},"excerpt":{"rendered":"<p>Ye\u015fil B\u00f6lge Derne\u011fi Main-Kinzig, y\u0131l\u0131n ba\u015f\u0131ndan bu yana yeni \u00fcyeleri a\u011f\u0131rlamaktan mutluluk duyuyor. Artan destek\u00e7i say\u0131s\u0131, ye\u015fil konulara ve siyasi \u00e7al\u0131\u015fmalara artan ilgiyi g\u00f6steriyor [...]<\/p>","protected":false},"author":-1,"featured_media":0,"comment_status":"closed","ping_status":"open","sticky":true,"template":"","format":"standard","meta":{"footnotes":""},"categories":[1],"tags":[],"class_list":["post-2077","post","type-post","status-publish","format-standard","hentry","category-allgemein"],"_links":{"self":[{"href":"https:\/\/www.gruene-mkk.de\/tr\/wp-json\/wp\/v2\/posts\/2077","targetHints":{"allow":["GET"]}}],"collection":[{"href":"https:\/\/www.gruene-mkk.de\/tr\/wp-json\/wp\/v2\/posts"}],"about":[{"href":"https:\/\/www.gruene-mkk.de\/tr\/wp-json\/wp\/v2\/types\/post"}],"author":[{"embeddable":true,"href":"https:\/\/www.gruene-mkk.de\/tr\/wp-json\/wp\/v2\/users\/2"}],"replies":[{"embeddable":true,"href":"https:\/\/www.gruene-mkk.de\/tr\/wp-json\/wp\/v2\/comments?post=2077"}],"version-history":[{"count":1,"href":"https:\/\/www.gruene-mkk.de\/tr\/wp-json\/wp\/v2\/posts\/2077\/revisions"}],"predecessor-version":[{"id":2078,"href":"https:\/\/www.gruene-mkk.de\/tr\/wp-json\/wp\/v2\/posts\/2077\/revisions\/2078"}],"wp:attachment":[{"href":"https:\/\/www.gruene-mkk.de\/tr\/wp-json\/wp\/v2\/media?parent=2077"}],"wp:term":[{"taxonomy":"category","embeddable":true,"href":"https:\/\/www.gruene-mkk.de\/tr\/wp-json\/wp\/v2\/categories?post=2077"},{"taxonomy":"post_tag","embeddable":true,"href":"https:\/\/www.gruene-mkk.de\/tr\/wp-json\/wp\/v2\/tags?post=2077"}],"curies":[{"name":"wp","href":"https:\/\/api.w.org\/{rel}","templated":true}]}}