{"id":1977,"date":"2024-01-29T16:39:06","date_gmt":"2024-01-29T15:39:06","guid":{"rendered":"https:\/\/www.gruene-mkk.de\/?p=1977"},"modified":"2024-02-06T18:32:43","modified_gmt":"2024-02-06T17:32:43","slug":"politischer-aschermittwoch","status":"publish","type":"post","link":"https:\/\/www.gruene-mkk.de\/tr\/politischer-aschermittwoch\/","title":{"rendered":"Siyasi K\u00fcl \u00c7ar\u015famba g\u00fcn\u00fc"},"content":{"rendered":"<p>Sizleri \u00c7ar\u015famba g\u00fcnk\u00fc Siyasi K\u00fcl'\u00fcm\u00fcze i\u00e7tenlikle davet ediyoruz. <strong>E\u015f-Federal Ba\u015fkan\u0131m\u0131z Omid Nouripour<\/strong> ve <strong>Sch\u00f6neck belediye ba\u015fkanl\u0131\u011f\u0131 aday\u0131m\u0131z Wolfgang Seifried<\/strong>. Ak\u015fam siyasi tart\u0131\u015fmalar, ilgin\u00e7 konu\u015fmalar ve tabii ki geleneksel ye\u015fil soslu yiyecekler (vegan ve amp; vejetaryen) vaat ediyor.<\/p>\n\n\n\n<p><strong>Ne zaman m\u0131?<\/strong> <strong>14 \u015eubat 2024 \u00c7ar\u015famba g\u00fcn\u00fc<\/strong> &#8211; <strong>Saat 19:00'dan itibaren \/ saat 18:30'dan itibaren giri\u015f<\/strong><\/p>\n\n\n\n<p><strong>Neresi mi? The Kilian, Richard-Wagner-Stra\u00dfe 5, 61137 Sch\u00f6neck, Almanya (Haritay\u0131 g\u00f6sterin)<\/strong><\/p>\n\n\n\n<p>Konuk konu\u015fmac\u0131 olarak, Omid Nouripour mevcut siyasi konular hakk\u0131nda konu\u015facak ve daha sonra sorular ve tart\u0131\u015fmalar i\u00e7in haz\u0131r olacakt\u0131r. Wolfgang Seifried, 25 \u015eubat 2024'te Sch\u00f6neck'teki belediye ba\u015fkanl\u0131\u011f\u0131 se\u00e7imleri i\u00e7in se\u00e7im kampanyas\u0131 hakk\u0131nda da konu\u015facak.<\/p>\n\n\n\n<p>Hen\u00fcz kaydolmad\u0131ysan\u0131z ve orada olmak istiyorsan\u0131z, <a href=\"https:\/\/www.gruene-mkk.de\/tr\/politischer-aschermittwoch\/\">L\u00fctfen a\u015fa\u011f\u0131daki formu kullanarak 6 \u015eubat 2024 tarihine kadar kaydolun<\/a>!<\/p>\n\n\n\n<p>Biz sizinle heyecan verici bir ak\u015fam i\u00e7in sab\u0131rs\u0131zlan\u0131yoruz!<\/p>\n\n\n\n<p><\/p>","protected":false},"excerpt":{"rendered":"<p>E\u015f-Federal Ba\u015fkan\u0131m\u0131z Omid Nouripour ve Sch\u00f6neck'teki belediye ba\u015fkan\u0131 aday\u0131m\u0131z Wolfgang Seifried ile birlikte sizi Siyasi K\u00fcl \u00c7ar\u015fambam\u0131za i\u00e7tenlikle davet ediyoruz. Ak\u015fam siyasi tart\u0131\u015fmalar, ilgin\u00e7 g\u00f6r\u00fc\u015fmeler ve tabii ki vaat [...]<\/p>","protected":false},"author":-1,"featured_media":0,"comment_status":"closed","ping_status":"open","sticky":true,"template":"","format":"standard","meta":{"footnotes":""},"categories":[1],"tags":[],"class_list":["post-1977","post","type-post","status-publish","format-standard","hentry","category-allgemein"],"_links":{"self":[{"href":"https:\/\/www.gruene-mkk.de\/tr\/wp-json\/wp\/v2\/posts\/1977","targetHints":{"allow":["GET"]}}],"collection":[{"href":"https:\/\/www.gruene-mkk.de\/tr\/wp-json\/wp\/v2\/posts"}],"about":[{"href":"https:\/\/www.gruene-mkk.de\/tr\/wp-json\/wp\/v2\/types\/post"}],"author":[{"embeddable":true,"href":"https:\/\/www.gruene-mkk.de\/tr\/wp-json\/wp\/v2\/users\/2"}],"replies":[{"embeddable":true,"href":"https:\/\/www.gruene-mkk.de\/tr\/wp-json\/wp\/v2\/comments?post=1977"}],"version-history":[{"count":3,"href":"https:\/\/www.gruene-mkk.de\/tr\/wp-json\/wp\/v2\/posts\/1977\/revisions"}],"predecessor-version":[{"id":2061,"href":"https:\/\/www.gruene-mkk.de\/tr\/wp-json\/wp\/v2\/posts\/1977\/revisions\/2061"}],"wp:attachment":[{"href":"https:\/\/www.gruene-mkk.de\/tr\/wp-json\/wp\/v2\/media?parent=1977"}],"wp:term":[{"taxonomy":"category","embeddable":true,"href":"https:\/\/www.gruene-mkk.de\/tr\/wp-json\/wp\/v2\/categories?post=1977"},{"taxonomy":"post_tag","embeddable":true,"href":"https:\/\/www.gruene-mkk.de\/tr\/wp-json\/wp\/v2\/tags?post=1977"}],"curies":[{"name":"wp","href":"https:\/\/api.w.org\/{rel}","templated":true}]}}