{"id":1963,"date":"2023-12-07T16:49:43","date_gmt":"2023-12-07T15:49:43","guid":{"rendered":"https:\/\/www.gruene-mkk.de\/?p=1963"},"modified":"2023-12-12T14:52:33","modified_gmt":"2023-12-12T13:52:33","slug":"thomas-gassen-und-anja-zeller-sind-neue-sprecher","status":"publish","type":"post","link":"https:\/\/www.gruene-mkk.de\/tr\/thomas-gassen-und-anja-zeller-sind-neue-sprecher\/","title":{"rendered":"Thomas Gassen ve Anja Zeller yeni konu\u015fmac\u0131lar"},"content":{"rendered":"<p><em>Ye\u015fil Main-Kinzig B\u00f6lge Kurulu yeni ba\u015fkan se\u00e7er \/ Yakla\u015f\u0131m \u00fcyeleri<\/em><\/p>\n\n\n\n<div class=\"wp-block-media-text is-stacked-on-mobile is-vertically-aligned-top\"><figure class=\"wp-block-media-text__media\"><img loading=\"lazy\" decoding=\"async\" width=\"560\" height=\"1200\" src=\"https:\/\/www.gruene-mkk.de\/wp-content\/uploads\/2023\/12\/20231201_205715-560x1200.jpg\" alt=\"\" class=\"wp-image-1965 size-full\" srcset=\"https:\/\/www.gruene-mkk.de\/wp-content\/uploads\/2023\/12\/20231201_205715-560x1200.jpg 560w, https:\/\/www.gruene-mkk.de\/wp-content\/uploads\/2023\/12\/20231201_205715-280x600.jpg 280w, https:\/\/www.gruene-mkk.de\/wp-content\/uploads\/2023\/12\/20231201_205715-768x1645.jpg 768w, https:\/\/www.gruene-mkk.de\/wp-content\/uploads\/2023\/12\/20231201_205715-717x1536.jpg 717w, https:\/\/www.gruene-mkk.de\/wp-content\/uploads\/2023\/12\/20231201_205715-956x2048.jpg 956w, https:\/\/www.gruene-mkk.de\/wp-content\/uploads\/2023\/12\/20231201_205715-scaled.jpg 1196w\" sizes=\"auto, (max-width: 560px) 100vw, 560px\" \/><\/figure><div class=\"wp-block-media-text__content\">\n<p>Anja Zeller ve Thomas Gassen, Green District Board Main-Kinzig'in yeni s\u00f6zc\u00fcleri. Geri \u00e7ekilmelerinin bir par\u00e7as\u0131 olarak, her ikisi de y\u00f6netim kurulu \u00fcyeleri taraf\u0131ndan se\u00e7ildi.<\/p>\n\n\n\n<p>B\u00f6lge y\u00f6netim kurulu son se\u00e7imlerde neredeyse tamamen yeniden konumland\u0131ktan sonra, \u00fcyeler \u015fimdi geri \u00e7ekilme toplant\u0131lar\u0131 i\u00e7in bir araya geldiler: Zeller ve Gassen, \"Kurul'un \u00e7al\u0131\u015fmalar\u0131n\u0131n temellerini tart\u0131\u015fmak ve \u00f6n\u00fcm\u00fczdeki iki y\u0131l i\u00e7in \u00f6nceliklerimizi tan\u0131mlamak bizim i\u00e7in \u00f6nemliydi\" diyor.<\/p>\n\n\n\n<p>Thomas Gassen, Gro\u00dfkrotzenburg'da y\u0131llard\u0131r yerel siyasette aktif olan Anja Zeller, Hanau'lu deneyimli bir politikac\u0131: Zeller ve Gassen, \"Bu siyasi deneyimi ve Ye\u015fillerle uzun y\u0131llara dayanan \u00e7al\u0131\u015fmalar\u0131m\u0131z\u0131, \u00f6n\u00fcm\u00fczdeki y\u0131llar\u0131n b\u00fcy\u00fck zorluklar\u0131yla aktif olarak y\u00fczle\u015fmek i\u00e7in yan\u0131m\u0131zda g\u00f6t\u00fcr\u00fcyoruz\" diyor: Hanau b\u00f6lgesi \u00f6zg\u00fcrl\u00fc\u011f\u00fc, bir sonraki yerel se\u00e7imler ve b\u00f6lgenin baz\u0131 b\u00f6lgelerinde sa\u011fa kayma, birlikte ele almam\u0131z gereken yeni g\u00f6revler getiriyor.<\/p>\n\n\n\n<p><\/p>\n<\/div><\/div>\n\n\n\n<p>Bu \u00f6nemli ve heyecan verici rol\u00fc \u00fcstlenmekten ve il\u00e7e derne\u011fimizin d\u0131\u015f d\u00fcnyaya sesi olmaktan mutluluk duyuyoruz. T\u00fcm yerel derneklerin ve \u00fcyelerin endi\u015felerini ve ihtiya\u00e7lar\u0131n\u0131 duymak ve yeterince temsil etmek i\u00e7in elimizden gelenin en iyisini yapaca\u011f\u0131z. Birlikte, Main-Kinzig b\u00f6lgesinde olumlu bir de\u011fi\u015fim sa\u011flayabilir ve ye\u015fil hedeflerimize ula\u015fabiliriz. B\u00f6lge y\u00f6netim kurulunun bize olan g\u00fcveni i\u00e7in i\u00e7ten te\u015fekk\u00fcrlerimizi sunar\u0131z. Yeni rol\u00fcm\u00fcze b\u00fcy\u00fck bir motivasyonla giriyoruz ve \u015fimdi ba\u015flamay\u0131 d\u00f6rt g\u00f6zle bekliyoruz.<\/p>\n\n\n\n<p>Thomas Gassen, Gro\u00dfkrotzenburg'da y\u0131llard\u0131r yerel siyasette aktif olan Anja Zeller, Hanau'lu deneyimli bir politikac\u0131: Zeller ve Gassen, \"Bu siyasi deneyimi ve Ye\u015fillerle uzun y\u0131llara dayanan \u00e7al\u0131\u015fmalar\u0131m\u0131z\u0131, \u00f6n\u00fcm\u00fczdeki y\u0131llar\u0131n b\u00fcy\u00fck zorluklar\u0131yla aktif olarak y\u00fczle\u015fmek i\u00e7in yan\u0131m\u0131zda g\u00f6t\u00fcr\u00fcyoruz\" diyor: \"Hanau il\u00e7e \u00f6zg\u00fcrl\u00fc\u011f\u00fc, bir sonraki yerel se\u00e7imler ve il\u00e7enin baz\u0131 b\u00f6lgelerinde sa\u011fa kayma, birlikte ele almam\u0131z gereken yeni g\u00f6revler getiriyor.\" Bu \u00f6nemli ve heyecan verici rol\u00fc \u00fcstlenmekten ve il\u00e7e derne\u011fimizin d\u0131\u015f d\u00fcnyaya sesi olmaktan memnuniyet duyuyoruz. T\u00fcm yerel derneklerin ve \u00fcyelerin endi\u015felerini ve ihtiya\u00e7lar\u0131n\u0131 duymak ve yeterince temsil etmek i\u00e7in elimizden gelenin en iyisini yapaca\u011f\u0131z. Birlikte, Main-Kinzig b\u00f6lgesinde olumlu bir de\u011fi\u015fim sa\u011flayabilir ve ye\u015fil hedeflerimize ula\u015fabiliriz. B\u00f6lge y\u00f6netim kurulunun bize olan g\u00fcveni i\u00e7in i\u00e7ten te\u015fekk\u00fcrlerimizi sunar\u0131z. Yeni g\u00f6revimize b\u00fcy\u00fck bir motivasyonla ba\u015fl\u0131yoruz ve<\/p>","protected":false},"excerpt":{"rendered":"<p>Anja Zeller ve Thomas Gassen, Green District Board Main-Kinzig'in yeni s\u00f6zc\u00fcleri. Geri \u00e7ekilme s\u00fcrecinde, her ikisi de [...]<\/p>","protected":false},"author":-1,"featured_media":0,"comment_status":"closed","ping_status":"open","sticky":true,"template":"","format":"standard","meta":{"footnotes":""},"categories":[1],"tags":[],"class_list":["post-1963","post","type-post","status-publish","format-standard","hentry","category-allgemein"],"_links":{"self":[{"href":"https:\/\/www.gruene-mkk.de\/tr\/wp-json\/wp\/v2\/posts\/1963","targetHints":{"allow":["GET"]}}],"collection":[{"href":"https:\/\/www.gruene-mkk.de\/tr\/wp-json\/wp\/v2\/posts"}],"about":[{"href":"https:\/\/www.gruene-mkk.de\/tr\/wp-json\/wp\/v2\/types\/post"}],"author":[{"embeddable":true,"href":"https:\/\/www.gruene-mkk.de\/tr\/wp-json\/wp\/v2\/users\/2"}],"replies":[{"embeddable":true,"href":"https:\/\/www.gruene-mkk.de\/tr\/wp-json\/wp\/v2\/comments?post=1963"}],"version-history":[{"count":2,"href":"https:\/\/www.gruene-mkk.de\/tr\/wp-json\/wp\/v2\/posts\/1963\/revisions"}],"predecessor-version":[{"id":1967,"href":"https:\/\/www.gruene-mkk.de\/tr\/wp-json\/wp\/v2\/posts\/1963\/revisions\/1967"}],"wp:attachment":[{"href":"https:\/\/www.gruene-mkk.de\/tr\/wp-json\/wp\/v2\/media?parent=1963"}],"wp:term":[{"taxonomy":"category","embeddable":true,"href":"https:\/\/www.gruene-mkk.de\/tr\/wp-json\/wp\/v2\/categories?post=1963"},{"taxonomy":"post_tag","embeddable":true,"href":"https:\/\/www.gruene-mkk.de\/tr\/wp-json\/wp\/v2\/tags?post=1963"}],"curies":[{"name":"wp","href":"https:\/\/api.w.org\/{rel}","templated":true}]}}