{"id":183,"date":"2021-08-27T12:53:00","date_gmt":"2021-08-27T10:53:00","guid":{"rendered":"https:\/\/www.alles-bleibt-anders.org\/?p=183"},"modified":"2021-11-11T12:55:33","modified_gmt":"2021-11-11T11:55:33","slug":"windkraft-als-grosse-chance-fuer-birstein","status":"publish","type":"post","link":"https:\/\/www.gruene-mkk.de\/tr\/windkraft-als-grosse-chance-fuer-birstein\/","title":{"rendered":"R\u00fczgar enerjisi Birstein i\u00e7in b\u00fcy\u00fck bir f\u0131rsat"},"content":{"rendered":"<p>Planlanan bir r\u00fczgar enerjisi projesiyle ilgili bir bilgilendirme etkinli\u011finde Knut Kiesel, \"Birstein'da planlanan r\u00fczgar \u00e7iftli\u011fi belediye i\u00e7in b\u00fcy\u00fck bir f\u0131rsat\" dedi.  <\/p>\n\n\n\n<!--more-->\n\n\n\n<p>Ge\u00e7ti\u011fimiz hafta, Kiesel'in Do\u011fu Main-Kinzig b\u00f6lgesi i\u00e7in Ye\u015fil Bundestag aday\u0131 olarak kat\u0131ld\u0131\u011f\u0131 Birstein'\u0131n \u00e7e\u015fitli b\u00f6lgelerinde g\u00fcnl\u00fck bilgi etkinlikleri vard\u0131. Vatanda\u015flar\u0131n toplumlar\u0131ndaki r\u00fczgar g\u00fcc\u00fcyle ilgili endi\u015felerini duydu.<\/p>\n\n\n\n<p>Fischborn r\u00fczgar \u00e7iftli\u011finde planlanan on iki r\u00fczgar t\u00fcrbini ve Aurora r\u00fczgar \u00e7iftli\u011finde toplam 126 MW'l\u0131k dokuz r\u00fczgar t\u00fcrbini ile yakla\u015f\u0131k 315.000 ki\u015fiye elektrik sa\u011flanabilir. Ayn\u0131 enerjiyi \u00fcretmek i\u00e7in, 75.000 evin fotovoltaik sistemlerle donat\u0131lmas\u0131 gerekir. Kiesel, Birstein'\u0131n b\u00f6ylece Main-Kinzig b\u00f6lgesinde ve \u00f6tesinde iklimsiz bir elektrik arz\u0131na b\u00fcy\u00fck katk\u0131 sa\u011flayabilece\u011fini a\u00e7\u0131kl\u0131yor. Kiralar, gelir payla\u015f\u0131m\u0131 ve ticaret vergisi de belediyeye ve vatanda\u015flar\u0131na maddi olarak fayda sa\u011flayacakt\u0131r. Enerji kooperatifi Main-Kinzig arac\u0131l\u0131\u011f\u0131yla vatanda\u015flar daha fazla gelir elde edebilir.<\/p>\n\n\n\n<p>Her zaman ufukta yeni r\u00fczgar enerjisi santralleri g\u00f6rmeyi severim. Gelece\u011fi ve temiz enerjiyi temsil ediyorlar\" diyor Kiesel. Baz\u0131 vatanda\u015flar\u0131n sistemlerin g\u00f6r\u00fcn\u00fcm\u00fc hakk\u0131ndaki ele\u015ftirilerine, gece i\u015faretlemesinin gerekti\u011fi gibi a\u00e7\u0131lmas\u0131 ve sistemlerin bir yans\u0131ma \u00f6nleyici tabaka ile sa\u011flanmas\u0131 ger\u00e7e\u011fiyle kar\u015f\u0131 \u00e7\u0131k\u0131yor. Kiesel, \"Birstein'\u0131n \u00e7ocuklar\u0131 r\u00fczgar t\u00fcrbinleriyle b\u00fcy\u00fcyecek ve onlar\u0131 anavatanlar\u0131n\u0131n ve iklimden ba\u011f\u0131ms\u0131z geleceklerinin bir sembol\u00fc olarak g\u00f6recekler\" diyor.<\/p>","protected":false},"excerpt":{"rendered":"<p>Planlanan bir r\u00fczgar enerjisi projesiyle ilgili bir bilgilendirme etkinli\u011finde Knut Kiesel, \"Birstein'da planlanan r\u00fczgar \u00e7iftli\u011fi belediye i\u00e7in b\u00fcy\u00fck bir f\u0131rsat\" dedi.<\/p>","protected":false},"author":-1,"featured_media":0,"comment_status":"open","ping_status":"open","sticky":false,"template":"","format":"standard","meta":{"footnotes":""},"categories":[1,3],"tags":[],"class_list":["post-183","post","type-post","status-publish","format-standard","hentry","category-allgemein","category-newswahlen"],"_links":{"self":[{"href":"https:\/\/www.gruene-mkk.de\/tr\/wp-json\/wp\/v2\/posts\/183","targetHints":{"allow":["GET"]}}],"collection":[{"href":"https:\/\/www.gruene-mkk.de\/tr\/wp-json\/wp\/v2\/posts"}],"about":[{"href":"https:\/\/www.gruene-mkk.de\/tr\/wp-json\/wp\/v2\/types\/post"}],"author":[{"embeddable":true,"href":"https:\/\/www.gruene-mkk.de\/tr\/wp-json\/wp\/v2\/users\/2"}],"replies":[{"embeddable":true,"href":"https:\/\/www.gruene-mkk.de\/tr\/wp-json\/wp\/v2\/comments?post=183"}],"version-history":[{"count":1,"href":"https:\/\/www.gruene-mkk.de\/tr\/wp-json\/wp\/v2\/posts\/183\/revisions"}],"predecessor-version":[{"id":185,"href":"https:\/\/www.gruene-mkk.de\/tr\/wp-json\/wp\/v2\/posts\/183\/revisions\/185"}],"wp:attachment":[{"href":"https:\/\/www.gruene-mkk.de\/tr\/wp-json\/wp\/v2\/media?parent=183"}],"wp:term":[{"taxonomy":"category","embeddable":true,"href":"https:\/\/www.gruene-mkk.de\/tr\/wp-json\/wp\/v2\/categories?post=183"},{"taxonomy":"post_tag","embeddable":true,"href":"https:\/\/www.gruene-mkk.de\/tr\/wp-json\/wp\/v2\/tags?post=183"}],"curies":[{"name":"wp","href":"https:\/\/api.w.org\/{rel}","templated":true}]}}