{"id":1826,"date":"2023-08-27T13:49:29","date_gmt":"2023-08-27T11:49:29","guid":{"rendered":"https:\/\/www.gruene-mkk.de\/?p=1826"},"modified":"2023-10-23T13:50:11","modified_gmt":"2023-10-23T11:50:11","slug":"townhall-mit-tarek-al-wazir-und-den-drei-direktkandidaten-im-mkk-markiert-erfolgreichen-wahlkampf-auftakt","status":"publish","type":"post","link":"https:\/\/www.gruene-mkk.de\/tr\/townhall-mit-tarek-al-wazir-und-den-drei-direktkandidaten-im-mkk-markiert-erfolgreichen-wahlkampf-auftakt\/","title":{"rendered":"Tarek Al-Wazir ve MKK'daki \u00fc\u00e7 do\u011frudan adayla Townhall, ba\u015far\u0131l\u0131 kampanya lansman\u0131n\u0131 i\u015faret ediyor"},"content":{"rendered":"<p>Ba\u015fbakanl\u0131k i\u00e7in Ye\u015fil Spitzenkandidat, ilk afi\u015flerin baz\u0131 belediyelerde as\u0131ld\u0131\u011f\u0131 hafta sonu ziyaretini daha uygun bir \u015fekilde planlayamazd\u0131  \u2047 , MKK'daki Ye\u015filler, Ekim ay\u0131nda Ye\u015fil Spitzenkandidat Al-Wazir ve Ajoki, Hanau'daki MKK'daki do\u011frudan adaylarla birlikte Hessen devlet se\u00e7imleri i\u00e7in kampanya ba\u015flang\u0131c\u0131n\u0131 kutlad\u0131lar.<\/p>\n\n\n\n<p>Bunu bu \u00fclkede herkes i\u00e7in nas\u0131l iyi bir gelecek haline getirebiliriz? Bunun i\u00e7in neye ihtiyac\u0131m\u0131z var? Ye\u015fil MKK'y\u0131 Townhall'\u0131n ba\u015f\u0131nda motive eden Tarek Al-Wazir, \"Cesur kararlara ihtiyac\u0131m\u0131z var\" dedi. Tarek Al-Wazir ilk kez ba\u015fbakanl\u0131k i\u00e7in yar\u0131\u015f\u0131yor. Hessen'in tamam\u0131 ve \u00f6zellikle MKK i\u00e7in s\u00fcrd\u00fcr\u00fclebilir ve gelece\u011fe y\u00f6nelik bir politikan\u0131n \u00f6nemini vurgulad\u0131. Ye\u015fillerin iklim koruma, e\u011fitim ve ekonomik kalk\u0131nmadaki ba\u015far\u0131lar\u0131n\u0131 vurgulad\u0131 ve ya\u015fanabilir ve m\u00fcreffeh bir b\u00f6lge i\u00e7in \u00e7al\u0131\u015fmaya devam edece\u011fine s\u00f6z verdi. Bunu yaparken, Ye\u015fillerin federal politikas\u0131na da at\u0131fta bulundu ve trafik \u0131\u015f\u0131\u011f\u0131 koalisyonunun Hessen tarz\u0131na al\u0131\u015fmas\u0131n\u0131 \u00f6nerdi, \u00e7\u00fcnk\u00fc Hessen'de her zaman birbirlerine kar\u015f\u0131 de\u011fil, birbirleriyle y\u00f6neteceklerdi.<\/p>\n\n\n\n<p>Ba\u015fbakan Yard\u0131mc\u0131s\u0131 Al-Wazir, Hessen eyaletinin gelece\u011fi konusundaki politikas\u0131n\u0131 \u00f6zetlemeden \u00f6nce, MKK- Anja Zeller (b\u00f6lge 40), Robert Erkan (b\u00f6lge 41) ve G\u00fcnther Koch'un (b\u00f6lge 42) do\u011frudan adaylar\u0131 kendilerini tan\u0131tt\u0131.<\/p>\n\n\n\n<p>G\u00fcnther Koch, Hessen'deki t\u00fcm \u00e7ocuklar, gen\u00e7ler ve aileler i\u00e7in her yerde ve k\u00f6kenleri ne olursa olsun iyi ya\u015fam ko\u015fullar\u0131n\u0131n yarat\u0131lmas\u0131n\u0131 savunmaktad\u0131r. Bu, dahil edilmeyi takip etmeyi ve entegrasyon ve kat\u0131l\u0131m\u0131 sa\u011flamay\u0131 i\u00e7erir. \u00c7ocuklar i\u00e7in g\u00fcnl\u00fck bak\u0131m\u0131n daha da geni\u015fletilmesi, yaln\u0131zca federal ve eyalet d\u00fczeyinden g\u00fc\u00e7l\u00fc destekle \u00fcstesinden gelinecek b\u00fcy\u00fck bir zorluk olmaya devam ediyor. Bunun i\u00e7in Hessen'de kalifiye i\u015f\u00e7i sald\u0131r\u0131s\u0131 hala gereklidir. Hessen'de \u00e7ocuk ve gen\u00e7lik refah\u0131n\u0131n geli\u015fimi, \u00e7ocuklar, gen\u00e7ler ve aileler i\u00e7in b\u00f6lgesel olarak uyarlanm\u0131\u015f \u00e7\u00f6z\u00fcmler sunabilmek i\u00e7in planlama, ara\u015ft\u0131rma ve pratik bilgilerin bir araya geldi\u011fi devlet d\u00fczeyinde g\u00fc\u00e7l\u00fc bir merkez gerektirir.<\/p>\n\n\n\n<p>Anja Zeller, iklim adaptasyonu, iklim korumas\u0131 ve s\u00fcrd\u00fcr\u00fclebilir mobiliteye kendini adam\u0131\u015ft\u0131r. Ye\u015fil Hessen se\u00e7im program\u0131n\u0131n arkas\u0131ndad\u0131r  \u2047 Her k\u00f6y, her saat  \u2047 . Anja Zeller, \"Hessen'de bir mobilite garantisine ihtiyac\u0131m\u0131z var, b\u00f6ylece bir arabaya sahip olsunlar ya da olmas\u0131nlar, ak\u015famlar\u0131 ve hafta sonlar\u0131 bile A'dan B'ye gidebilirler\" diyor.<\/p>\n\n\n\n<p>Robert Erkan, Hessen ayr\u0131mc\u0131l\u0131kla m\u00fccadele yasas\u0131na, demokrasiye ve sosyal olarak kabul edilebilir iklim korumas\u0131na kendini adam\u0131\u015ft\u0131r. Temel ama\u00e7lar\u0131 bilgi ve \u015feffafl\u0131kt\u0131r.<\/p>\n\n\n\n<p>Townhall Talk, sorular\u0131n\u0131 ve endi\u015felerini do\u011frudan politikac\u0131ya y\u00f6neltme f\u0131rsat\u0131n\u0131 kullanan MKK'dan \u00e7ok say\u0131da vatanda\u015f\u0131 cezbetti. Etkinlik, adaylar ve se\u00e7menler aras\u0131nda s\u00fcrd\u00fcr\u00fclebilir hareketlilik, e\u011fitim ve beceri k\u0131tl\u0131\u011f\u0131 da dahil olmak \u00fczere b\u00f6lgenin kar\u015f\u0131la\u015ft\u0131\u011f\u0131 temel sorunlar\u0131 ve zorluklar\u0131 tart\u0131\u015fmak i\u00e7in yap\u0131c\u0131 diyalog i\u00e7in a\u00e7\u0131k bir platform sa\u011flad\u0131. Ak\u015fam, Ye\u015fil Hanau s\u00f6zc\u00fcs\u00fc Mareike Forchheim ve Ye\u015fil MKK y\u00f6netim kurulu \u00fcyesi Ahmet \u00c7etiner taraf\u0131ndan y\u00f6netildi.<\/p>","protected":false},"excerpt":{"rendered":"<p>Ba\u015fbakanl\u0131k ofisi i\u00e7in Ye\u015fil Spitzenkandidat, ilk afi\u015flerin baz\u0131 belediyelerde as\u0131ld\u0131\u011f\u0131 hafta sonu ziyaretini daha uygun bir \u015fekilde planlayamazd\u0131, [...]<\/p>","protected":false},"author":-1,"featured_media":0,"comment_status":"closed","ping_status":"open","sticky":true,"template":"","format":"standard","meta":{"footnotes":""},"categories":[1],"tags":[],"class_list":["post-1826","post","type-post","status-publish","format-standard","hentry","category-allgemein"],"_links":{"self":[{"href":"https:\/\/www.gruene-mkk.de\/tr\/wp-json\/wp\/v2\/posts\/1826","targetHints":{"allow":["GET"]}}],"collection":[{"href":"https:\/\/www.gruene-mkk.de\/tr\/wp-json\/wp\/v2\/posts"}],"about":[{"href":"https:\/\/www.gruene-mkk.de\/tr\/wp-json\/wp\/v2\/types\/post"}],"author":[{"embeddable":true,"href":"https:\/\/www.gruene-mkk.de\/tr\/wp-json\/wp\/v2\/users\/2"}],"replies":[{"embeddable":true,"href":"https:\/\/www.gruene-mkk.de\/tr\/wp-json\/wp\/v2\/comments?post=1826"}],"version-history":[{"count":1,"href":"https:\/\/www.gruene-mkk.de\/tr\/wp-json\/wp\/v2\/posts\/1826\/revisions"}],"predecessor-version":[{"id":1827,"href":"https:\/\/www.gruene-mkk.de\/tr\/wp-json\/wp\/v2\/posts\/1826\/revisions\/1827"}],"wp:attachment":[{"href":"https:\/\/www.gruene-mkk.de\/tr\/wp-json\/wp\/v2\/media?parent=1826"}],"wp:term":[{"taxonomy":"category","embeddable":true,"href":"https:\/\/www.gruene-mkk.de\/tr\/wp-json\/wp\/v2\/categories?post=1826"},{"taxonomy":"post_tag","embeddable":true,"href":"https:\/\/www.gruene-mkk.de\/tr\/wp-json\/wp\/v2\/tags?post=1826"}],"curies":[{"name":"wp","href":"https:\/\/api.w.org\/{rel}","templated":true}]}}