{"id":1819,"date":"2023-09-15T13:42:24","date_gmt":"2023-09-15T11:42:24","guid":{"rendered":"https:\/\/www.gruene-mkk.de\/?p=1819"},"modified":"2023-10-23T13:44:40","modified_gmt":"2023-10-23T11:44:40","slug":"auf-einen-ebbelwoi-mit-omid-nouripour-gruene-mkk-und-hanau-laden-zum-austausch-nach-hanau-ein","status":"publish","type":"post","link":"https:\/\/www.gruene-mkk.de\/tr\/auf-einen-ebbelwoi-mit-omid-nouripour-gruene-mkk-und-hanau-laden-zum-austausch-nach-hanau-ein\/","title":{"rendered":"Omid Nouripour ile bir Ebbelwoi'de: Ye\u015fil MKK ve Hanau sizi Hanau'da fikir al\u0131\u015fveri\u015fine davet ediyor"},"content":{"rendered":"<p>\u00c7ar\u015famba g\u00fcn\u00fc Ye\u015filler, MKK ve Hanau'yu Hanau'daki Kanne Ebbelwoi'de rahat bir ak\u015fama davet etti. \u2047 To an Ebbelwoi with Omid Nouripour \u2047  slogan\u0131 alt\u0131nda ziyaret\u00e7iler, Ye\u015filler E\u015f Ba\u015fkan\u0131 ve Ye\u015fil MKK'n\u0131n do\u011frudan adaylar\u0131 Robert Erkan (b\u00f6lge 41) ve G\u00fcnther Koch (b\u00f6lge 42) ile bir bardak elma \u015farab\u0131 ve el peyniri \u00fczerinden g\u00f6r\u00fc\u015f al\u0131\u015fveri\u015finde bulunma f\u0131rsat\u0131 buldu.<br>Omid Nouripour federal politika hakk\u0131nda bir fikir vermeden \u00f6nce, do\u011frudan adaylar \u00f6nceliklerini sundular.<br>Ye\u015fil MKK'n\u0131n 42. se\u00e7im b\u00f6lgesi i\u00e7in do\u011frudan aday\u0131 olan G\u00fcnther Koch, Hessen'deki t\u00fcm \u00e7ocuklar, gen\u00e7ler ve aileler i\u00e7in her yerde ve k\u00f6kenlerinden ba\u011f\u0131ms\u0131z olarak iyi ya\u015fam ko\u015fullar\u0131 yaratmaya kararl\u0131d\u0131r. Bu, dahil edilmeyi te\u015fvik etmeyi ve entegrasyon ve kat\u0131l\u0131m\u0131 sa\u011flamay\u0131 i\u00e7erir. \u00c7ocuklar i\u00e7in g\u00fcnl\u00fck bak\u0131m\u0131n daha da geni\u015fletilmesi, yaln\u0131zca federal ve eyalet h\u00fck\u00fcmetlerinin g\u00fc\u00e7l\u00fc deste\u011fiyle \u00fcstesinden gelinebilecek b\u00fcy\u00fck bir zorluk olmaya devam ediyor. Bunun i\u00e7in Hessen'de kalifiye i\u015f\u00e7i sald\u0131r\u0131s\u0131 hala gereklidir. Hessen'deki \u00e7ocuk ve gen\u00e7lik refah\u0131n\u0131n geni\u015fletilmesi, \u00e7ocuklar, ergenler ve aileler i\u00e7in b\u00f6lgesel olarak uyarlanm\u0131\u015f \u00e7\u00f6z\u00fcmler sunabilmek i\u00e7in planlama, ara\u015ft\u0131rma ve pratik bilgilerin bir araya geldi\u011fi devlet d\u00fczeyinde g\u00fc\u00e7l\u00fc bir merkez gerektirir \"diyor Koch.<br>41. se\u00e7im b\u00f6lgesi i\u00e7in do\u011frudan aday olan Robert Erkan, Hessen ayr\u0131mc\u0131l\u0131kla m\u00fccadele yasas\u0131, f\u0131rsat e\u015fitli\u011fi, demokrasi ve sosyal olarak kabul edilebilir iklim korumas\u0131n\u0131 temsil ediyor. Sadece i\u00e7erikle ilgilenmiyorum, insanlar\u0131n endi\u015felerinin ciddiye al\u0131nmas\u0131n\u0131 istiyorum. Kar\u015f\u0131la\u015ft\u0131\u011f\u0131m\u0131z zorluklarla ba\u015fa \u00e7\u0131kman\u0131n tek yolu budur.<br>Etkili bir \u015fekilde ele al\u0131n ve de\u011fi\u015fim sa\u011flay\u0131n. \u2047 \u0130yi tutmak, yeni \u015feyler tasarlamak, adil ve birlikte \u2047   \u2047  bu benim yakla\u015f\u0131m\u0131m \u2047 , diyor Erkan.<br>Omid Nouripour, Berlin'deki mevcut siyasi durum hakk\u0131nda heyecan verici bir fikir verdi ve ayr\u0131ca Hessen'deki devlet se\u00e7imleriyle ilgili mevcut anket sonu\u00e7lar\u0131n\u0131 ele ald\u0131. Demokrasiye y\u00f6nelik mevcut sald\u0131r\u0131lar\u0131n \u0131\u015f\u0131\u011f\u0131nda, Ye\u015filler sizi demokratik partilerle g\u00fc\u00e7lerini birle\u015ftirmeye davet ediyor. Demokrasi bazen \u00e7ok zorlay\u0131c\u0131d\u0131r. Onlar\u0131 savunmak i\u00e7in karma\u015f\u0131k \u015feyler yapmal\u0131y\u0131z. Hepimiz demokrasinin g\u00fcc\u00fcne g\u00fcvenmeliyiz. Nefret ve nefret s\u00f6ylemi sadece hacimdir.<br>\u2047 Bir iste\u011fim var: Oy verin ve demokratik bir parti se\u00e7in. Oy kullanma hakk\u0131m\u0131z\u0131 kabul ediyoruz. \u00d6zg\u00fcrl\u00fcklerimiz ve temel haklar\u0131m\u0131z korunmaya de\u011ferdir ve onlar i\u00e7in aya\u011fa kalkmal\u0131y\u0131z. Bu \u015fekilde \u00fclkeyi krize dayan\u0131kl\u0131 hale getirece\u011fiz\" dedi.<br>Omid Nouripour'un davetimizi kabul etmesinden ve bizimle Hanau'da bulu\u015fmas\u0131ndan \u00e7ok memnunuz. Ye\u015fil MKK s\u00f6zc\u00fcs\u00fc Ahmet \u00c7etiner, \"Onu sadece bir politikac\u0131 olarak de\u011fil, ayn\u0131 zamanda bir insan olarak tan\u0131mak i\u00e7in harika bir f\u0131rsatt\u0131\" dedi.<br>Hanau'da kentsel bah\u00e7e alan\u0131na sahip modern bir bira bah\u00e7esi olan Kanne Ebbelwoi, toplant\u0131 i\u00e7in m\u00fckemmel bir ortam sa\u011flad\u0131. Rahat bir ambiyans ve b\u00f6lgesel spesiyaliteler ile konuklar g\u00fczel bir yaz ak\u015fam\u0131 birbirleriyle konu\u015fabilirler.<br>\u0130nsanlar\u0131n Omid Nouripour ile etkile\u015fime girebilecekleri ve endi\u015felerini do\u011frudan ele alabilecekleri rahat bir platform olu\u015fturmak bizim i\u00e7in \u00f6nemliydi. Ak\u015fam b\u00fcy\u00fck bir ba\u015far\u0131yd\u0131 ve politikac\u0131lar ve vatanda\u015flar aras\u0131ndaki ki\u015fisel diyalo\u011fun \u00f6nemini g\u00f6sterdi\", diye vurgulad\u0131 Hanau Ye\u015filler Partisi s\u00f6zc\u00fcs\u00fc Mareike Forchheim.<br>Ye\u015filler MKK ve Hanau, Omid Nouripour'a kat\u0131l\u0131m\u0131 i\u00e7in ve t\u00fcm konuklara ak\u015famki ilgileri ve aktif kat\u0131l\u0131mlar\u0131 i\u00e7in te\u015fekk\u00fcr eder. Ak\u015fam canl\u0131 bir tart\u0131\u015fma ya\u015fad\u0131 ve ziyaret\u00e7ilerin yerel konular ve endi\u015feler hakk\u0131nda g\u00f6r\u00fc\u015f al\u0131\u015fveri\u015finde bulunmalar\u0131na izin verdi.<\/p>","protected":false},"excerpt":{"rendered":"<p>\u00c7ar\u015famba g\u00fcn\u00fc Ye\u015filler, MKK ve Hanau'yu Hanau'daki Kanne Ebbelwoi'de rahat bir ak\u015fama davet etti. Slogan\u0131 alt\u0131nda  \u2047 To an Ebbelwoi with Omid Nouripour \u2047 , the [...]<\/p>","protected":false},"author":-1,"featured_media":1821,"comment_status":"closed","ping_status":"open","sticky":true,"template":"","format":"standard","meta":{"footnotes":""},"categories":[1],"tags":[],"class_list":["post-1819","post","type-post","status-publish","format-standard","has-post-thumbnail","hentry","category-allgemein"],"_links":{"self":[{"href":"https:\/\/www.gruene-mkk.de\/tr\/wp-json\/wp\/v2\/posts\/1819","targetHints":{"allow":["GET"]}}],"collection":[{"href":"https:\/\/www.gruene-mkk.de\/tr\/wp-json\/wp\/v2\/posts"}],"about":[{"href":"https:\/\/www.gruene-mkk.de\/tr\/wp-json\/wp\/v2\/types\/post"}],"author":[{"embeddable":true,"href":"https:\/\/www.gruene-mkk.de\/tr\/wp-json\/wp\/v2\/users\/2"}],"replies":[{"embeddable":true,"href":"https:\/\/www.gruene-mkk.de\/tr\/wp-json\/wp\/v2\/comments?post=1819"}],"version-history":[{"count":1,"href":"https:\/\/www.gruene-mkk.de\/tr\/wp-json\/wp\/v2\/posts\/1819\/revisions"}],"predecessor-version":[{"id":1820,"href":"https:\/\/www.gruene-mkk.de\/tr\/wp-json\/wp\/v2\/posts\/1819\/revisions\/1820"}],"wp:featuredmedia":[{"embeddable":true,"href":"https:\/\/www.gruene-mkk.de\/tr\/wp-json\/wp\/v2\/media\/1821"}],"wp:attachment":[{"href":"https:\/\/www.gruene-mkk.de\/tr\/wp-json\/wp\/v2\/media?parent=1819"}],"wp:term":[{"taxonomy":"category","embeddable":true,"href":"https:\/\/www.gruene-mkk.de\/tr\/wp-json\/wp\/v2\/categories?post=1819"},{"taxonomy":"post_tag","embeddable":true,"href":"https:\/\/www.gruene-mkk.de\/tr\/wp-json\/wp\/v2\/tags?post=1819"}],"curies":[{"name":"wp","href":"https:\/\/api.w.org\/{rel}","templated":true}]}}