{"id":1815,"date":"2023-10-04T13:41:06","date_gmt":"2023-10-04T11:41:06","guid":{"rendered":"https:\/\/www.gruene-mkk.de\/?p=1815"},"modified":"2023-10-23T13:45:55","modified_gmt":"2023-10-23T11:45:55","slug":"demokratie-braucht-kultur-zum-atmen","status":"publish","type":"post","link":"https:\/\/www.gruene-mkk.de\/tr\/demokratie-braucht-kultur-zum-atmen\/","title":{"rendered":"Demokrasinin nefes almak i\u00e7in k\u00fclt\u00fcre ihtiyac\u0131 var"},"content":{"rendered":"<p><strong>Theatrium Steinau'ya davet edilen ye\u015fil utanga\u00e7 insanlar.<\/strong><\/p>\n\n\n\n<p>3 Ekim'de Ye\u015filler, Schl\u00fcchtern'i Hessen K\u00fclt\u00fcr ve Bilim Bakan\u0131 Angela Dorn, 42. se\u00e7im b\u00f6lgesinde Ye\u015filler'in do\u011frudan aday\u0131 G\u00fcnther Koch ve Theatrium Steinau'nun akt\u00f6r\u00fc ve ba\u015fkan\u0131 Detlef Heinichen ile birlikte  \u2047 Demokrasinin nefes almak i\u00e7in k\u00fclt\u00fcre ihtiyac\u0131 var m\u0131? \u2047  yuvarlak masas\u0131na davet etti.\u00a0Alman Birli\u011fi G\u00fcn\u00fc olan 3 Ekim'de G\u00fcnther Koch, hala gen\u00e7 federal eyaletlerde lisans\u00fcst\u00fc pedagog olarak \u00e7al\u0131\u015fmalar\u0131, izlenimleri ve deneyimleri hakk\u0131nda rapor verme f\u0131rsat\u0131 buldu.\u00a0Ayr\u0131ca tekrar tekrar yaralanma, korku ve \u00f6fkeyi fark ettim, ayn\u0131 zamanda \u00e7ocuklar, ergenler ve aileleri i\u00e7in bak\u0131\u015f a\u00e7\u0131lar\u0131n\u0131 de\u011fi\u015ftirmek i\u00e7in b\u00fcy\u00fck bir isteklilik. Gelece\u011fe dair g\u00fc\u00e7l\u00fc duygular vard\u0131. G\u00fcvensiz, tehlike alt\u0131nda ve tehdit alt\u0131nda olarak tan\u0131mlanm\u0131\u015ft\u0131r. Do\u011fu Almanya'da do\u011fup b\u00fcy\u00fcyen Detlef Heinichen, oyuncu olma yolu hakk\u0131nda heyecan verici ve canl\u0131 bir \u015fekilde rapor verdi, Do\u011fu Almanya tiyatro a\u00e7\u0131s\u0131ndan \u00e7ok iyi bir konumdayd\u0131, Bat\u0131'dan \u00e7ok daha iyi, oyunculuk, m\u00fczik e\u011fitimi veya yazma i\u00e7in bir\u00e7ok okul vard\u0131. Rusya, bir\u00e7ok k\u00fclt\u00fcrel \u00e7al\u0131\u015fman\u0131n yap\u0131ld\u0131\u011f\u0131 burada da b\u00fcy\u00fck bir rol modeldi.\u00a0Ancak, 1976'da Wolf Biermann'\u0131n gurbet\u00e7i olmas\u0131yla birlikte, k\u00fclt\u00fcr bir  \u2047 knax \u2047  ald\u0131, sahne \u00e7al\u0131\u015fmas\u0131 daha zorla\u015ft\u0131 ve \u00e7izgiler aras\u0131nda sahne almay\u0131 \u00f6\u011frendi,  \u2047  dedi Heinichen,  \u2047  ve bir arkada\u015f\u0131m\u0131n ka\u00e7mas\u0131na yard\u0131m etti\u011fimden \u015f\u00fcphelenildi\u011fimde, art\u0131k \u00e7al\u0131\u015fmama izin verilmedi, izin ba\u015fvurusunda bulundum ve 1986'da \u00fclkeyi terk edebildim  \u2047 .\u00a0Bat\u0131'daki yeni ba\u015flang\u0131\u00e7 onun i\u00e7in kolay de\u011fildi,  \u2047 \u00d6nce y\u00fcr\u00fcmeyi \u00f6\u011frenmek zorundayd\u0131m. \u2047  S\u0131n\u0131r\u0131n a\u00e7\u0131lmas\u0131n\u0131 Almanya i\u00e7in tarihi bir an olarak deneyimledi ve Duvar\u0131n y\u0131k\u0131lmas\u0131n\u0131n bu \u00fclkenin ba\u015f\u0131na gelebilecek en iyi \u015fey oldu\u011funa inan\u0131yor ve Heinichen g\u00fcl\u00fcmsedi,  \u2047 Steinau, tiyatro, ba\u015f\u0131ma gelen en iyi \u015feydi. \u2047  Angela Dorn, Ukraynal\u0131lar\u0131n k\u00fclt\u00fcrel miras\u0131n\u0131n Rus sald\u0131r\u0131lar\u0131yla kas\u0131tl\u0131 olarak yok edildi\u011fi k\u00fclt\u00fcr konusunda Ukrayna'daki sava\u015fa yay \u00e7iziyor,  \u2047 Bir halk\u0131n k\u00fclt\u00fcrel kimli\u011fi yok edildi\u011finde neler oldu\u011funu g\u00f6rebilir ve sempati duyabiliriz.\u00a0\u2047 K\u00fclt\u00fcr sadece pastan\u0131n \u00fczerindeki krema de\u011fil, her \u015feyin \u00fczerinde durdu\u011fu ta\u015ft\u0131r \u2047 . S\u00f6ylenenlere g\u00f6re,  \u2047 k\u00fclt\u00fcr\u00fcn demokrasinin nefes almas\u0131na ihtiya\u00e7 duydu\u011fu ters sonucun \u00e7\u0131kar\u0131lmas\u0131na da izin verilebilir \u2047 . Angela Dorn, k\u0131rsaldaki k\u00fclt\u00fcr i\u015f\u00e7ilerine, Tiyatro gibi k\u00fc\u00e7\u00fck a\u015famalara, k\u0131rsaldaki k\u00fclt\u00fcre kendini adam\u0131\u015f bir\u00e7ok derne\u011fe olan takdirini vurgulad\u0131. T\u00fcm kat\u0131l\u0131mc\u0131lar ve izleyiciler, \u00e7ocuklara ve gen\u00e7lere k\u00fclt\u00fcr ve demokrasi aras\u0131ndaki ba\u011flant\u0131 hakk\u0131nda bir fikir vermek i\u00e7in okullar ve g\u00fcnl\u00fck bak\u0131m merkezleri ile a\u015famalar ve k\u00fclt\u00fcrel alanlarla i\u015fbirli\u011finin yo\u011funla\u015ft\u0131r\u0131lmas\u0131 gerekti\u011fi konusunda hemfikirdi.\u00a0Almanya'da k\u00fclt\u00fcr ayn\u0131 zamanda hat\u0131rlama k\u00fclt\u00fcr\u00fcn\u00fc, Nasyonal Sosyalistlerin su\u00e7lar\u0131n\u0131n an\u0131s\u0131n\u0131 canl\u0131 tutmay\u0131 ve konuyla aktif olarak ilgilenmeyi de i\u00e7erir.\u00a0G\u00fcnther Koch bu ba\u011flamda kalbinin endi\u015fesine, sinagogun Schl\u00fcchtern'e d\u00f6n\u00fc\u015f\u00fcm\u00fcne dikkat \u00e7ekti.\u00a0\"Schl\u00fcchtern Sinagogu Dostlar\u0131 kurulunun bir \u00fcyesi olarak, koruma ve hat\u0131rlamay\u0131 sa\u011flayacak, ayn\u0131 zamanda deh\u015fet ve vah\u015fetle y\u00fczle\u015fmeyi ve k\u00fclt\u00fcr ve demokrasinin canl\u0131 olarak kutlanabilece\u011fi bir yerin yarat\u0131lmas\u0131n\u0131 destekliyorum.\"Angela Dorn, bu projeye ulusal d\u00fczeyde, hangi tak\u0131my\u0131ld\u0131z\u0131 olursa olsun destek s\u00f6z\u00fc verdi.\u00a0Klezmer Freilach Ensemble Bad Orb'un \u00fcyeleri olan m\u00fczisyenler Elmar Egold ve Armin Engel, b\u00fcy\u00fcleyici m\u00fczikleriyle ak\u015fam\u0131 tamamlad\u0131lar ve g\u00f6ky\u00fcz\u00fc y\u00fcksek ba\u011f\u0131r\u0131\u015flar\u0131 aras\u0131ndaki gerginlik alan\u0131nda \u00fcz\u00fclen geleneksel folklor m\u00fczikleriyle izleyiciyi heyecanland\u0131rd\u0131lar. sonra tekrar \u00f6l\u00fcme.\u00a0\u00a0Son olarak, \u0130srail \u015fark\u0131s\u0131  \u2047 Shalom Alechem, Peace for All \u2047  \u00e7ok uygundu ve izleyiciler kabul etti. Bir ziyaret\u00e7i d\u0131\u015far\u0131 \u00e7\u0131kt\u0131\u011f\u0131nda \u015f\u00f6yle dedi:\u00a0Daha \u00f6nce hi\u00e7 bu kadar b\u00fcy\u00fck bir se\u00e7im etkinli\u011fi g\u00f6rmemi\u015ftim.<\/p>","protected":false},"excerpt":{"rendered":"<p>Theatrium Steinau'ya davet edilen ye\u015fil utanga\u00e7 insanlar. 3 Ekim'de Ye\u015filler, Schl\u00fcchtern'i yuvarlak masa toplant\u0131s\u0131na davet etti  \u2047 Demokrasinin nefes almak i\u00e7in k\u00fclt\u00fcre ihtiyac\u0131 var m\u0131? \u2047 , Hessen K\u00fclt\u00fcr ve Bilim Bakan\u0131 Angela Dorn ile, G\u00fcnther [...]<\/p>","protected":false},"author":-1,"featured_media":1817,"comment_status":"closed","ping_status":"open","sticky":true,"template":"","format":"standard","meta":{"footnotes":""},"categories":[1],"tags":[],"class_list":["post-1815","post","type-post","status-publish","format-standard","has-post-thumbnail","hentry","category-allgemein"],"_links":{"self":[{"href":"https:\/\/www.gruene-mkk.de\/tr\/wp-json\/wp\/v2\/posts\/1815","targetHints":{"allow":["GET"]}}],"collection":[{"href":"https:\/\/www.gruene-mkk.de\/tr\/wp-json\/wp\/v2\/posts"}],"about":[{"href":"https:\/\/www.gruene-mkk.de\/tr\/wp-json\/wp\/v2\/types\/post"}],"author":[{"embeddable":true,"href":"https:\/\/www.gruene-mkk.de\/tr\/wp-json\/wp\/v2\/users\/2"}],"replies":[{"embeddable":true,"href":"https:\/\/www.gruene-mkk.de\/tr\/wp-json\/wp\/v2\/comments?post=1815"}],"version-history":[{"count":2,"href":"https:\/\/www.gruene-mkk.de\/tr\/wp-json\/wp\/v2\/posts\/1815\/revisions"}],"predecessor-version":[{"id":1824,"href":"https:\/\/www.gruene-mkk.de\/tr\/wp-json\/wp\/v2\/posts\/1815\/revisions\/1824"}],"wp:featuredmedia":[{"embeddable":true,"href":"https:\/\/www.gruene-mkk.de\/tr\/wp-json\/wp\/v2\/media\/1817"}],"wp:attachment":[{"href":"https:\/\/www.gruene-mkk.de\/tr\/wp-json\/wp\/v2\/media?parent=1815"}],"wp:term":[{"taxonomy":"category","embeddable":true,"href":"https:\/\/www.gruene-mkk.de\/tr\/wp-json\/wp\/v2\/categories?post=1815"},{"taxonomy":"post_tag","embeddable":true,"href":"https:\/\/www.gruene-mkk.de\/tr\/wp-json\/wp\/v2\/tags?post=1815"}],"curies":[{"name":"wp","href":"https:\/\/api.w.org\/{rel}","templated":true}]}}