{"id":1808,"date":"2023-10-05T13:35:01","date_gmt":"2023-10-05T11:35:01","guid":{"rendered":"https:\/\/www.gruene-mkk.de\/?p=1808"},"modified":"2023-10-23T13:45:44","modified_gmt":"2023-10-23T11:45:44","slug":"stellungnahme-zur-pm-der-freien-waehler-neuberg","status":"publish","type":"post","link":"https:\/\/www.gruene-mkk.de\/tr\/stellungnahme-zur-pm-der-freien-waehler-neuberg\/","title":{"rendered":"\u00d6zg\u00fcr Se\u00e7menler Ba\u015fbakan\u0131 Neuberg'in A\u00e7\u0131klamas\u0131"},"content":{"rendered":"<p>Greens Main-Kinzig'in b\u00f6lge kurulu, Neuberg Serbest Se\u00e7menleri'nin bas\u0131n a\u00e7\u0131klamas\u0131yla \u015fa\u015f\u0131rtt\u0131. Ye\u015filler yerel derne\u011finin da\u011f\u0131ld\u0131\u011f\u0131n\u0131 ve \u00f6zg\u00fcr se\u00e7menlerin yerel derne\u011fi Neuberg'i kurmaya karar verdi\u011fini belirtiyor: Ger\u00e7ek \u015fu ki, Gr\u00fcne Neuberg'in eski \u00fcyeleri art\u0131k \u00d6zg\u00fcr Se\u00e7menler'in \u00fcyeleri. \u00dcyelerin bir partiden di\u011ferine de\u011fi\u015fmesi, t\u00fcm demokratik gruplarda d\u00fczenli olarak ger\u00e7ekle\u015fir.\u00a0 Ancak, yerel birli\u011fin da\u011f\u0131lmas\u0131 veya ba\u015fka bir tarafa yeniden atanmas\u0131 s\u00f6z konusu de\u011fildi. B\u00f6yle bir olas\u0131l\u0131k bizim bildi\u011fimiz herhangi bir t\u00fcz\u00fckte yok\", il\u00e7e y\u00f6netim kurulu s\u00f6zc\u00fcleri Ahmet \u00c7etiner ve Emily Benatzky s\u00f6yledi. Bu t\u00fcr bilgilerin devlet politikac\u0131lar\u0131n\u0131n ve Serbest Se\u00e7menlerin b\u00f6lge ba\u015fkan\u0131n\u0131n huzurunda nas\u0131l yay\u0131laca\u011f\u0131 bizim i\u00e7in bir gizemdir. Serbest Se\u00e7menler b\u00f6lge kurulunun durumu d\u00fczeltmesini bekliyoruz\", diye sonland\u0131r\u0131yor \u00c7etiner ve Benatzki.<strong>.<\/strong><\/p>","protected":false},"excerpt":{"rendered":"<p>Greens Main-Kinzig'in b\u00f6lge kurulu, Neuberg Serbest Se\u00e7menleri'nin bas\u0131n a\u00e7\u0131klamas\u0131yla \u015fa\u015f\u0131rtt\u0131. Bu Ye\u015filler yerel dernek \u00e7\u00f6z\u00fcld\u00fc ve bir vak\u0131f oldu\u011funu s\u00f6yl\u00fcyor [...]<\/p>","protected":false},"author":-1,"featured_media":0,"comment_status":"closed","ping_status":"open","sticky":true,"template":"","format":"standard","meta":{"footnotes":""},"categories":[1],"tags":[],"class_list":["post-1808","post","type-post","status-publish","format-standard","hentry","category-allgemein"],"_links":{"self":[{"href":"https:\/\/www.gruene-mkk.de\/tr\/wp-json\/wp\/v2\/posts\/1808","targetHints":{"allow":["GET"]}}],"collection":[{"href":"https:\/\/www.gruene-mkk.de\/tr\/wp-json\/wp\/v2\/posts"}],"about":[{"href":"https:\/\/www.gruene-mkk.de\/tr\/wp-json\/wp\/v2\/types\/post"}],"author":[{"embeddable":true,"href":"https:\/\/www.gruene-mkk.de\/tr\/wp-json\/wp\/v2\/users\/2"}],"replies":[{"embeddable":true,"href":"https:\/\/www.gruene-mkk.de\/tr\/wp-json\/wp\/v2\/comments?post=1808"}],"version-history":[{"count":3,"href":"https:\/\/www.gruene-mkk.de\/tr\/wp-json\/wp\/v2\/posts\/1808\/revisions"}],"predecessor-version":[{"id":1823,"href":"https:\/\/www.gruene-mkk.de\/tr\/wp-json\/wp\/v2\/posts\/1808\/revisions\/1823"}],"wp:attachment":[{"href":"https:\/\/www.gruene-mkk.de\/tr\/wp-json\/wp\/v2\/media?parent=1808"}],"wp:term":[{"taxonomy":"category","embeddable":true,"href":"https:\/\/www.gruene-mkk.de\/tr\/wp-json\/wp\/v2\/categories?post=1808"},{"taxonomy":"post_tag","embeddable":true,"href":"https:\/\/www.gruene-mkk.de\/tr\/wp-json\/wp\/v2\/tags?post=1808"}],"curies":[{"name":"wp","href":"https:\/\/api.w.org\/{rel}","templated":true}]}}