{"id":1806,"date":"2023-10-08T13:34:32","date_gmt":"2023-10-08T11:34:32","guid":{"rendered":"https:\/\/www.gruene-mkk.de\/?p=1806"},"modified":"2023-10-23T13:45:21","modified_gmt":"2023-10-23T11:45:21","slug":"gruene-mkk-blicken-nach-der-landtagswahl-mit-zuversicht-und-mut-zum-neubeginn-nach-vorne","status":"publish","type":"post","link":"https:\/\/www.gruene-mkk.de\/tr\/gruene-mkk-blicken-nach-der-landtagswahl-mit-zuversicht-und-mut-zum-neubeginn-nach-vorne\/","title":{"rendered":"Ye\u015fil MKK, devlet se\u00e7imlerinden sonra yeni bir ba\u015flang\u0131\u00e7 i\u00e7in g\u00fcven ve cesaretle bekliyor"},"content":{"rendered":"<p>Son eyalet se\u00e7imleri \u015funu a\u00e7\u0131k\u00e7a ortaya koydu: Siyasi manzaralar de\u011fi\u015fiyor ve Ye\u015fil MKK da ele\u015ftirel ama iyimser bir \u015fekilde ele almak istedi\u011fimiz zorluklarla kar\u015f\u0131 kar\u015f\u0131ya.<\/p>\n\n\n\n<p>Ba\u015flang\u0131\u00e7ta, partimizin yorulmak bilmeyen sava\u015f\u00e7\u0131lar\u0131na te\u015fekk\u00fcr bor\u00e7luyuz: Robert Erkan, Anja Zeller ve G\u00fcnther Koch  \u2047  g\u00fc\u00e7l\u00fc fikirler ve b\u00fcy\u00fck ki\u015fisel ba\u011fl\u0131l\u0131k ile ye\u015fil de\u011ferleri ve vizyonlar\u0131 savunan adaylar\u0131m\u0131z. \u00c7al\u0131\u015fmalar\u0131, \u00fczerine in\u015fa etmeye devam edece\u011fimiz sa\u011flam bir temel olu\u015fturuyor. Yerel se\u00e7im kampanyas\u0131na \u00f6nemli katk\u0131larda bulunan \u00fcyelerimize ve destek\u00e7ilerimize de te\u015fekk\u00fcr ederiz.<\/p>\n\n\n\n<p>\u2047 Biz adaylar\u0131m\u0131z ve tabandan adanm\u0131\u015f kampanya gurur duyuyoruz. Bize verilen g\u00fcven i\u00e7in \u00e7ok minnettar\u0131z. Sonu\u00e7 beklentilerimizi kar\u015f\u0131lamasa bile, motivasyon ve g\u00fcvenle ileriye bak\u0131yoruz\", diye vurguluyor B\u00dcNDNIS 90\/DIE GR\u00dcNEN Kreisverband Main-Kinzig s\u00f6zc\u00fcs\u00fc Ahmet \u00c7etiner.<\/p>\n\n\n\n<p>\u00d6n\u00fcm\u00fczdeki haftalarda, sonu\u00e7larla yo\u011fun tart\u0131\u015fmalara girece\u011fiz ve gelecekteki parti \u00e7al\u0131\u015fmalar\u0131m\u0131z i\u00e7in stratejiler belirleyece\u011fiz. \u00c7\u00fcnk\u00fc bir yans\u0131ma zaman\u0131nda, hem zorluklar\u0131 hem de bize sunulan f\u0131rsatlar\u0131 tan\u0131mak \u00f6nemlidir. \u00d6zellikle, \u00fclkedeki de\u011fi\u015fen siyasi ruh hali ve n\u00fcfusta yeni d\u00fcrt\u00fcler i\u00e7in ka\u00e7\u0131r\u0131lmayacak bir arzu, ileriye d\u00f6n\u00fck ve dinamik bir parti \u00e7al\u0131\u015fmas\u0131 gerektirir.<\/p>\n\n\n\n<p>Green MKK s\u00f6zc\u00fcs\u00fc Emily Benatzky \u015funlar\u0131 s\u00f6yledi: AfD'nin, \u00f6zellikle Main-Kinzig b\u00f6lgesinde ve \u00f6zellikle se\u00e7im b\u00f6lgesi 42'deki net kazan\u0131mlar\u0131 bizim i\u00e7in bir uyand\u0131rma \u00e7a\u011fr\u0131s\u0131d\u0131r. \u015eimdi t\u00fcm demokratik partilerin dayan\u0131\u015fmas\u0131 i\u00e7in daha da yo\u011fun bir \u015fekilde \u00e7al\u0131\u015faca\u011f\u0131z, \u00e7\u00fcnk\u00fc \u015fimdi birlikte durmal\u0131 ve birlikte sa\u011fa kar\u015f\u0131 a\u00e7\u0131k bir i\u015faret vermeliyiz. Kapsay\u0131c\u0131, \u00e7evresel ve sosyal bir gelece\u011fe olan ba\u011fl\u0131l\u0131\u011f\u0131m\u0131z\u0131 daha da keskin ve net bir \u015fekilde s\u00fcrd\u00fcrmeye te\u015fvik ediyoruz.<\/p>\n\n\n\n<p>Parti \u00e7al\u0131\u015fmalar\u0131m\u0131z\u0131 yeni fikirler ve bak\u0131\u015f a\u00e7\u0131lar\u0131yla zenginle\u015ftirebilecek \u00fcyelik taban\u0131m\u0131z\u0131n, \u00f6zellikle de gen\u00e7 neslin daha b\u00fcy\u00fck seferberli\u011fi ve aktivasyonunda gelecekteki ba\u015far\u0131 i\u00e7in \u00f6nemli bir y\u00f6n g\u00f6r\u00fcyoruz. Eski neslin deneyim zenginli\u011fi unutulmamal\u0131, partinin yeni sesleriyle canl\u0131 bir diyalo\u011fa girilmelidir.<\/p>\n\n\n\n<p>Gelece\u011fe bakt\u0131\u011f\u0131m\u0131zda, ye\u015fil politikay\u0131 etkin ve ama\u00e7l\u0131 bir \u015fekilde topluma ta\u015f\u0131maya devam etmek i\u00e7in i\u015fbirli\u011fine, yenilenmeye ve yap\u0131c\u0131 parti i\u00e7i diyalo\u011fa g\u00fcveniyoruz.<strong><\/strong><\/p>","protected":false},"excerpt":{"rendered":"<p>Son eyalet se\u00e7imleri \u015funu a\u00e7\u0131k\u00e7a ortaya koydu: Siyasi manzaralar de\u011fi\u015fiyor ve Ye\u015fil MKK da ele\u015ftirel ama iyimser bir \u015fekilde ele almak istedi\u011fimiz zorluklarla kar\u015f\u0131 kar\u015f\u0131ya. Ba\u015flang\u0131\u00e7ta, bizim [...]<\/p>","protected":false},"author":-1,"featured_media":0,"comment_status":"closed","ping_status":"open","sticky":true,"template":"","format":"standard","meta":{"footnotes":""},"categories":[1],"tags":[],"class_list":["post-1806","post","type-post","status-publish","format-standard","hentry","category-allgemein"],"_links":{"self":[{"href":"https:\/\/www.gruene-mkk.de\/tr\/wp-json\/wp\/v2\/posts\/1806","targetHints":{"allow":["GET"]}}],"collection":[{"href":"https:\/\/www.gruene-mkk.de\/tr\/wp-json\/wp\/v2\/posts"}],"about":[{"href":"https:\/\/www.gruene-mkk.de\/tr\/wp-json\/wp\/v2\/types\/post"}],"author":[{"embeddable":true,"href":"https:\/\/www.gruene-mkk.de\/tr\/wp-json\/wp\/v2\/users\/2"}],"replies":[{"embeddable":true,"href":"https:\/\/www.gruene-mkk.de\/tr\/wp-json\/wp\/v2\/comments?post=1806"}],"version-history":[{"count":1,"href":"https:\/\/www.gruene-mkk.de\/tr\/wp-json\/wp\/v2\/posts\/1806\/revisions"}],"predecessor-version":[{"id":1807,"href":"https:\/\/www.gruene-mkk.de\/tr\/wp-json\/wp\/v2\/posts\/1806\/revisions\/1807"}],"wp:attachment":[{"href":"https:\/\/www.gruene-mkk.de\/tr\/wp-json\/wp\/v2\/media?parent=1806"}],"wp:term":[{"taxonomy":"category","embeddable":true,"href":"https:\/\/www.gruene-mkk.de\/tr\/wp-json\/wp\/v2\/categories?post=1806"},{"taxonomy":"post_tag","embeddable":true,"href":"https:\/\/www.gruene-mkk.de\/tr\/wp-json\/wp\/v2\/tags?post=1806"}],"curies":[{"name":"wp","href":"https:\/\/api.w.org\/{rel}","templated":true}]}}