{"id":1785,"date":"2023-09-28T12:15:49","date_gmt":"2023-09-28T10:15:49","guid":{"rendered":"https:\/\/www.gruene-mkk.de\/?p=1785"},"modified":"2023-10-23T13:46:20","modified_gmt":"2023-10-23T11:46:20","slug":"einladung-zum-themenabend-frauen-gestalten-politik","status":"publish","type":"post","link":"https:\/\/www.gruene-mkk.de\/tr\/einladung-zum-themenabend-frauen-gestalten-politik\/","title":{"rendered":"\"Siyaseti \u015fekillendiren kad\u0131nlar\" temal\u0131 ak\u015fama davet"},"content":{"rendered":"<p><strong>Sizi 12 Ekim Per\u015fembe g\u00fcn\u00fc i\u00e7tenlikle davet ediyoruz. 2023'te saat 19:00'da ofis (Calvinstra\u00dfe 10, 63450 Hanau), siyaseti \u015fekillendiren kad\u0131nlar konusunda birlikte \u00e7al\u0131\u015fmak istedi\u011fimiz ilham verici ve g\u00fc\u00e7lendirici bir ak\u015fama ev sahipli\u011fi yapacak. <\/strong>Siyasi kararlar\u0131n t\u00fcm hayat\u0131m\u0131z\u0131 etkiledi\u011fi bir zamanda, kad\u0131nlar\u0131n seslerini y\u00fckseltmeleri ve toplumumuzun \u015fekillenmesine aktif olarak kat\u0131lmalar\u0131 b\u00fcy\u00fck \u00f6nem ta\u015f\u0131maktad\u0131r.<\/p>\n\n\n\n<p>Ak\u015fam, kad\u0131nlar\u0131n siyasette kar\u015f\u0131la\u015ft\u0131klar\u0131 zorluklar ve f\u0131rsatlar hakk\u0131nda a\u00e7\u0131k bir de\u011fi\u015fim ve de\u011fi\u015fim i\u00e7in alan yaratmak istiyoruz. Kad\u0131nlar olarak fikirlerimizi ve vizyonlar\u0131m\u0131z\u0131 siyasi manzaraya nas\u0131l ta\u015f\u0131yabilece\u011fimizi ve olumlu de\u011fi\u015fim sa\u011flamada nas\u0131l bir rol oynayabilece\u011fimizi birlikte tart\u0131\u015fmak istiyoruz. <\/p>\n\n\n\n<p>Ayr\u0131ca 18 Ekim 2023'te yap\u0131lacak b\u00f6lge se\u00e7imlerine aktif olarak kat\u0131lman\u0131z\u0131 te\u015fvik etmek istiyoruz. \u0130l\u00e7e d\u00fczeyindeki siyasi \u00e7al\u0131\u015fmalar, sesinizi y\u00fckseltmek ve toplulu\u011fumuzu \u015fekillendirmeye aktif olarak kat\u0131lmak i\u00e7in e\u015fsiz bir f\u0131rsat sunuyor. \u0130ster siyasi olarak aktif olun, ister sadece bu taahh\u00fctle ilgileniyor olun, sizi se\u00e7ime kat\u0131lmaya ve fikirlerinizi ve vizyonlar\u0131n\u0131z\u0131 getirmeye te\u015fvik etmek istiyoruz.<\/p>","protected":false},"excerpt":{"rendered":"<p>Sizi 12 Ekim Per\u015fembe g\u00fcn\u00fc i\u00e7tenlikle davet ediyoruz. 2023 saat 7'de ofiste (Calvinstra\u00dfe 10, 63450 Hanau) ilham verici ve g\u00fc\u00e7lendirici bir ak\u015fam i\u00e7in [...]<\/p>","protected":false},"author":-1,"featured_media":0,"comment_status":"closed","ping_status":"open","sticky":true,"template":"","format":"standard","meta":{"footnotes":""},"categories":[1],"tags":[],"class_list":["post-1785","post","type-post","status-publish","format-standard","hentry","category-allgemein"],"_links":{"self":[{"href":"https:\/\/www.gruene-mkk.de\/tr\/wp-json\/wp\/v2\/posts\/1785","targetHints":{"allow":["GET"]}}],"collection":[{"href":"https:\/\/www.gruene-mkk.de\/tr\/wp-json\/wp\/v2\/posts"}],"about":[{"href":"https:\/\/www.gruene-mkk.de\/tr\/wp-json\/wp\/v2\/types\/post"}],"author":[{"embeddable":true,"href":"https:\/\/www.gruene-mkk.de\/tr\/wp-json\/wp\/v2\/users\/2"}],"replies":[{"embeddable":true,"href":"https:\/\/www.gruene-mkk.de\/tr\/wp-json\/wp\/v2\/comments?post=1785"}],"version-history":[{"count":2,"href":"https:\/\/www.gruene-mkk.de\/tr\/wp-json\/wp\/v2\/posts\/1785\/revisions"}],"predecessor-version":[{"id":1825,"href":"https:\/\/www.gruene-mkk.de\/tr\/wp-json\/wp\/v2\/posts\/1785\/revisions\/1825"}],"wp:attachment":[{"href":"https:\/\/www.gruene-mkk.de\/tr\/wp-json\/wp\/v2\/media?parent=1785"}],"wp:term":[{"taxonomy":"category","embeddable":true,"href":"https:\/\/www.gruene-mkk.de\/tr\/wp-json\/wp\/v2\/categories?post=1785"},{"taxonomy":"post_tag","embeddable":true,"href":"https:\/\/www.gruene-mkk.de\/tr\/wp-json\/wp\/v2\/tags?post=1785"}],"curies":[{"name":"wp","href":"https:\/\/api.w.org\/{rel}","templated":true}]}}