{"id":1684,"date":"2023-07-24T16:35:53","date_gmt":"2023-07-24T14:35:53","guid":{"rendered":"https:\/\/www.gruene-mkk.de\/?p=1684"},"modified":"2023-07-24T16:35:54","modified_gmt":"2023-07-24T14:35:54","slug":"gesellschaftlicher-zusammenhalt-britta-hasselmann-besucht-spielmobil-und-initiativen-in-hanau","status":"publish","type":"post","link":"https:\/\/www.gruene-mkk.de\/tr\/gesellschaftlicher-zusammenhalt-britta-hasselmann-besucht-spielmobil-und-initiativen-in-hanau\/","title":{"rendered":"\"Toplumsal uyum\" - Britta Ha\u00dfelmann, Spielmobil'i ve Hanau'daki giri\u015fimleri ziyaret etti"},"content":{"rendered":"<p>\u2047 Sosyal uyum \u2047  slogan\u0131 alt\u0131nda, Federal Meclis'teki meclis grubunun lideri Britta Ha\u00dfelmann, 19 Temmuz 2023'te Hanau \u015fehrini ziyaret etti. Ye\u015fil MKK'n\u0131n daveti \u00fczerine, sahada sosyal birlikte ya\u015fama ve sosyal giri\u015fimler hakk\u0131nda kapsaml\u0131 bir fikir edindi. Ziyaretinin bir par\u00e7as\u0131 olarak Augustinchen mobil oyununun yan\u0131 s\u0131ra 19 \u015eubat giri\u015fimini ve Ferhat Unvar e\u011fitim giri\u015fimini ziyaret etti. Ona Ye\u015filler'in 41. se\u00e7im b\u00f6lgesi i\u00e7in do\u011frudan aday\u0131 Robert Erkan ve Hessen Ye\u015fil Gen\u00e7li\u011fi'nin \u00e7e\u015fitlilik politikas\u0131 s\u00f6zc\u00fcs\u00fc Mahwish Ifthar e\u015flik etti.<\/p>\n\n\n\n<p>Keyifli bir kahvalt\u0131da Britta Ha\u00dfelmann, b\u00f6lge meclis grubu, b\u00f6lge birli\u011fi ve Hanau \u015fehir konseyi \u00fcyeleriyle konu\u015ftu. Esas olarak, Hanau'nun yak\u0131n ku\u015fat\u0131lmas\u0131yla karakterize edilen yerdeki mevcut durumla ilgiliydi. Bir di\u011fer belirleyici konu, \u00f6n\u00fcm\u00fczdeki Ekim ay\u0131nda yap\u0131lacak Hessen eyalet se\u00e7imleri i\u00e7in se\u00e7im kampanyas\u0131yd\u0131. 41. se\u00e7im b\u00f6lgesi i\u00e7in do\u011frudan aday olan Robert Erkan, Main-Kinzig b\u00f6lgesinde ortak daha fazla geli\u015fme fikirleri hakk\u0131nda rapor verdi.<\/p>\n\n\n\n<p>Sonra Spielmobil Augustinchen'e gittik. Uzun y\u0131llar boyunca, \u00e7ocuklara ve gen\u00e7lere bo\u015f zamanlar\u0131n\u0131 aktif ve yarat\u0131c\u0131 bir \u015fekilde tasarlama f\u0131rsat\u0131 sundu. \u00c7e\u015fitli oyunlar ve el sanatlar\u0131n\u0131n yan\u0131 s\u0131ra spor aktiviteleri ile Spielmobil, gen\u00e7 kat\u0131l\u0131mc\u0131lar\u0131n motor becerilerini ve sosyal etkile\u015fimini te\u015fvik ediyor. Britta Ha\u00dfelmann, tekliflerin \u00e7e\u015fitlili\u011finden etkilendi ve bu t\u00fcr tesislerin \u00e7ocuklar\u0131n ve gen\u00e7lerin ki\u015fisel geli\u015fimi i\u00e7in \u00f6nemini vurgulad\u0131.<\/p>\n\n\n\n<p>Britta Ha\u00dfelmann, 19 \u015eubat'ta giri\u015fimle bir de\u011fi\u015fim i\u00e7in bir araya geldi ve daha sonra gen\u00e7leri g\u00fc\u00e7lendirmeye kararl\u0131 olan e\u011fitim giri\u015fimi Ferhat Unvar'\u0131 ziyaret etti. Irk\u00e7\u0131l\u0131k ve ayr\u0131mc\u0131l\u0131k deneyimlerine kar\u015f\u0131 koymak i\u00e7in, okullarda g\u00fc\u00e7lendirme at\u00f6lyeleri olarak sunulabilecek at\u00f6lye kavramlar\u0131 geli\u015ftirilmektedir. Britta Ha\u00dfelmann, Serpil Temiz Unvar ile yapt\u0131\u011f\u0131 g\u00f6r\u00fc\u015fmede giri\u015fimin \u00e7al\u0131\u015fmalar\u0131ndan etkilendi.<\/p>\n\n\n\n<p>Britta Ha\u00dfelmann'\u0131n Hanau ziyareti, yerel giri\u015fimlere verdi\u011fi deste\u011fi ve adil ve kapsay\u0131c\u0131 bir toplum i\u00e7in \u00e7al\u0131\u015fma iste\u011fini g\u00f6stermektedir. O, yerel halk\u0131n ba\u011fl\u0131l\u0131\u011f\u0131n\u0131 \u00f6vd\u00fc. Britta Ha\u00dfelmann, iki giri\u015fimin endi\u015felerini ve ihtiya\u00e7lar\u0131n\u0131 siyasi d\u00fczeyde temsil edece\u011fine ve sosyal uyumu g\u00fc\u00e7lendirmek i\u00e7in \u00e7al\u0131\u015faca\u011f\u0131na s\u00f6z verdi. Britta Ha\u00dfelmann'\u0131n bizi Hanau'da ziyaret etmesinden memnunuz. Ziyaret, giri\u015fimlerin ve endi\u015felerinin arkas\u0131ndaki insanlara ve ayn\u0131 zamanda ba\u015far\u0131lara her zaman a\u00e7\u0131k oldu\u011fu g\u00fcvenilir bir de\u011fi\u015fimle i\u015faretlendi. WK 41'in do\u011frudan aday\u0131 Robert Erkan, Berlin'den Hessen eyalet se\u00e7im kampanyas\u0131ndaki ziyaretiniz ve deste\u011finiz i\u00e7in te\u015fekk\u00fcr ediyor, Bayan Ha\u00dfelmann! \u2047 .<\/p>","protected":false},"excerpt":{"rendered":"<p>\u2047 Sosyal uyum \u2047  slogan\u0131 alt\u0131nda, Federal Meclis'teki meclis grubunun lideri Britta Ha\u00dfelmann, 19 Temmuz 2023'te Hanau \u015fehrini ziyaret etti. Ye\u015fil MKK'n\u0131n daveti \u00fczerine, o i\u00e7ine kapsaml\u0131 bir fikir ald\u0131 [...]<\/p>","protected":false},"author":-1,"featured_media":1685,"comment_status":"closed","ping_status":"open","sticky":true,"template":"","format":"standard","meta":{"footnotes":""},"categories":[1],"tags":[],"class_list":["post-1684","post","type-post","status-publish","format-standard","has-post-thumbnail","hentry","category-allgemein"],"_links":{"self":[{"href":"https:\/\/www.gruene-mkk.de\/tr\/wp-json\/wp\/v2\/posts\/1684","targetHints":{"allow":["GET"]}}],"collection":[{"href":"https:\/\/www.gruene-mkk.de\/tr\/wp-json\/wp\/v2\/posts"}],"about":[{"href":"https:\/\/www.gruene-mkk.de\/tr\/wp-json\/wp\/v2\/types\/post"}],"author":[{"embeddable":true,"href":"https:\/\/www.gruene-mkk.de\/tr\/wp-json\/wp\/v2\/users\/2"}],"replies":[{"embeddable":true,"href":"https:\/\/www.gruene-mkk.de\/tr\/wp-json\/wp\/v2\/comments?post=1684"}],"version-history":[{"count":1,"href":"https:\/\/www.gruene-mkk.de\/tr\/wp-json\/wp\/v2\/posts\/1684\/revisions"}],"predecessor-version":[{"id":1686,"href":"https:\/\/www.gruene-mkk.de\/tr\/wp-json\/wp\/v2\/posts\/1684\/revisions\/1686"}],"wp:featuredmedia":[{"embeddable":true,"href":"https:\/\/www.gruene-mkk.de\/tr\/wp-json\/wp\/v2\/media\/1685"}],"wp:attachment":[{"href":"https:\/\/www.gruene-mkk.de\/tr\/wp-json\/wp\/v2\/media?parent=1684"}],"wp:term":[{"taxonomy":"category","embeddable":true,"href":"https:\/\/www.gruene-mkk.de\/tr\/wp-json\/wp\/v2\/categories?post=1684"},{"taxonomy":"post_tag","embeddable":true,"href":"https:\/\/www.gruene-mkk.de\/tr\/wp-json\/wp\/v2\/tags?post=1684"}],"curies":[{"name":"wp","href":"https:\/\/api.w.org\/{rel}","templated":true}]}}