{"id":1651,"date":"2023-06-05T09:22:07","date_gmt":"2023-06-05T07:22:07","guid":{"rendered":"https:\/\/www.gruene-mkk.de\/?p=1651"},"modified":"2023-06-05T09:24:39","modified_gmt":"2023-06-05T07:24:39","slug":"buergermeisterwahl-in-gelnhausen","status":"publish","type":"post","link":"https:\/\/www.gruene-mkk.de\/tr\/buergermeisterwahl-in-gelnhausen\/","title":{"rendered":"Gelnhausen belediye se\u00e7imleri"},"content":{"rendered":"<p>Gelnhausen bug\u00fcn \u00f6nemli bir demokratik karar ald\u0131: Belediye ba\u015fkan\u0131na ikinci tur se\u00e7im. Vatanda\u015flar\u0131n oylar\u0131na iki \u00f6zel aday kat\u0131ld\u0131.<\/p>\n\n\n\n<p>Main-Kinzig-Kreis'teki B\u00fcndnis 90\/Die Gr\u00fcnen aday\u0131 Jakob M\u00e4hler, dikkate de\u011fer bir se\u00e7im kampanyas\u0131na \u00f6nc\u00fcl\u00fck etti.<br>\u0130kinci tura kadar m\u00fccadele etti ve \u00f6zveri, ba\u011fl\u0131l\u0131k ve ola\u011fan\u00fcst\u00fc ki\u015fisel ba\u011fl\u0131l\u0131kla her oy i\u00e7in g\u00fcre\u015fti.<br>Sonu\u00e7 bug\u00fcn onun anlam\u0131nda olmasa bile, Yakup'un ba\u015far\u0131s\u0131 \u00e7ok takdir edilecektir. \u00d6nemli konular\u0131 tart\u0131\u015fman\u0131n merkezine koydu ve b\u00f6ylece \u015fehir politikas\u0131na \u00f6nemli bir ivme kazand\u0131rd\u0131.<br>Bu nedenle, \u00f6zel te\u015fekk\u00fcr\u00fcm\u00fcz Jakob M\u00e4hler'e.<\/p>\n\n\n\n<p>Ayn\u0131 zamanda CDU'dan Christian Litzinger'i Gelnhausen'in yeni belediye ba\u015fkan\u0131 olarak se\u00e7ilmesinden dolay\u0131 tebrik ediyoruz. \u00d6n\u00fcm\u00fczdeki alt\u0131 y\u0131l i\u00e7inde bu zorlu g\u00f6revi ba\u015far\u0131yla yerine getirmek istemek onun i\u00e7in g\u00fc\u00e7 ve azim olmaya devam ediyor.<br>Bu ak\u015fam Bay Litzinger'e daha \u00f6nce de ifade edildi\u011fi gibi, Ye\u015filler ona Gelnhausen'de yap\u0131c\u0131 bir i\u015fbirli\u011fi teklif ediyorlar.<\/p>\n\n\n\n<p>Se\u00e7ime kat\u0131lan t\u00fcm vatanda\u015flara ve genel olarak adil bir se\u00e7im kampanyas\u0131 i\u00e7in t\u00fcm adaylara te\u015fekk\u00fcr ederiz. \u015eimdi Gelnhausen ve Main-Kinzig-Kreis i\u00e7in gelecekteki \u00e7al\u0131\u015fmalara odaklan\u0131yoruz.<\/p>","protected":false},"excerpt":{"rendered":"<p>Gelnhausen bug\u00fcn \u00f6nemli bir demokratik karar ald\u0131: Belediye ba\u015fkan\u0131na ikinci tur se\u00e7im. Vatanda\u015flar\u0131n oylar\u0131na iki \u00f6zel aday kat\u0131ld\u0131. Jakob M\u00e4hler, aday\u0131m\u0131z [...]<\/p>","protected":false},"author":-1,"featured_media":1652,"comment_status":"closed","ping_status":"open","sticky":true,"template":"","format":"standard","meta":{"footnotes":""},"categories":[1],"tags":[],"class_list":["post-1651","post","type-post","status-publish","format-standard","has-post-thumbnail","hentry","category-allgemein"],"_links":{"self":[{"href":"https:\/\/www.gruene-mkk.de\/tr\/wp-json\/wp\/v2\/posts\/1651","targetHints":{"allow":["GET"]}}],"collection":[{"href":"https:\/\/www.gruene-mkk.de\/tr\/wp-json\/wp\/v2\/posts"}],"about":[{"href":"https:\/\/www.gruene-mkk.de\/tr\/wp-json\/wp\/v2\/types\/post"}],"author":[{"embeddable":true,"href":"https:\/\/www.gruene-mkk.de\/tr\/wp-json\/wp\/v2\/users\/2"}],"replies":[{"embeddable":true,"href":"https:\/\/www.gruene-mkk.de\/tr\/wp-json\/wp\/v2\/comments?post=1651"}],"version-history":[{"count":1,"href":"https:\/\/www.gruene-mkk.de\/tr\/wp-json\/wp\/v2\/posts\/1651\/revisions"}],"predecessor-version":[{"id":1653,"href":"https:\/\/www.gruene-mkk.de\/tr\/wp-json\/wp\/v2\/posts\/1651\/revisions\/1653"}],"wp:featuredmedia":[{"embeddable":true,"href":"https:\/\/www.gruene-mkk.de\/tr\/wp-json\/wp\/v2\/media\/1652"}],"wp:attachment":[{"href":"https:\/\/www.gruene-mkk.de\/tr\/wp-json\/wp\/v2\/media?parent=1651"}],"wp:term":[{"taxonomy":"category","embeddable":true,"href":"https:\/\/www.gruene-mkk.de\/tr\/wp-json\/wp\/v2\/categories?post=1651"},{"taxonomy":"post_tag","embeddable":true,"href":"https:\/\/www.gruene-mkk.de\/tr\/wp-json\/wp\/v2\/tags?post=1651"}],"curies":[{"name":"wp","href":"https:\/\/api.w.org\/{rel}","templated":true}]}}