{"id":1647,"date":"2023-05-23T16:25:37","date_gmt":"2023-05-23T14:25:37","guid":{"rendered":"https:\/\/www.gruene-mkk.de\/?p=1647"},"modified":"2024-09-05T14:26:58","modified_gmt":"2024-09-05T12:26:58","slug":"wahlen-das-bestimmende-thema-der-kmv-im-mai","status":"publish","type":"post","link":"https:\/\/www.gruene-mkk.de\/tr\/wahlen-das-bestimmende-thema-der-kmv-im-mai\/","title":{"rendered":"Se\u00e7imler  \u2047  May\u0131s ay\u0131nda KMV'nin tan\u0131mlay\u0131c\u0131 temas\u0131"},"content":{"rendered":"<p>Ye\u015fil MKK'n\u0131n \u00e7ok say\u0131da \u00fcyesinin hem yerel hem de dijital olarak kat\u0131ld\u0131\u011f\u0131 Gelnhausen'deki Dorfgemeinschaftshaus-Hailer'de 10 May\u0131s 2023'te il\u00e7e \u00fcyelerinin meclisinin odak noktas\u0131 \u00e7e\u015fitli se\u00e7imlerdi.<\/p>\n\n\n\n<p>Gelnhausen'deki belediye ba\u015fkanl\u0131\u011f\u0131 se\u00e7imleri KMV'de merkezi bir endi\u015fe kayna\u011f\u0131yd\u0131. OV Gelnhausen y\u00f6netim kurulundan Bernd Wietzorek, se\u00e7im kampanyas\u0131 ve OV'nin \u00e7al\u0131\u015fmalar\u0131n\u0131n \u015fu anda buna nas\u0131l y\u00f6nlendirildi\u011fi hakk\u0131nda konu\u015ftu. Bunu takiben ve ak\u015fam\u0131n as\u0131l vurgusu olarak ye\u015fil belediye ba\u015fkan\u0131 aday\u0131 Jakob M\u00e4hler'in konu\u015fmas\u0131n\u0131 izledi. Yan\u0131nda bulunanlar\u0131 \u00e7e\u015fitli g\u00fcnl\u00fck kampanya hayat\u0131na ald\u0131 ve belediye ba\u015fkan\u0131 olabilece\u011fini kan\u0131tlad\u0131. Konu\u015fmas\u0131nda co\u015fku mevcut olanlara s\u0131\u00e7rad\u0131 ve kesinlikle bir\u00e7o\u011funun destek \u00e7a\u011fr\u0131s\u0131n\u0131 takip edece\u011fi hissedildi.<\/p>\n\n\n\n<p>G\u00fcndemdeki bir sonraki madde, 23-25 Kas\u0131m 2023 tarihleri aras\u0131nda Karlsuhe'deki Federal Delegeler Konferans\u0131'na delegelerin se\u00e7ilmesiydi. Konferans, Avrupa se\u00e7im program\u0131 ve Avrupa se\u00e7imlerinin listesi hakk\u0131nda karar verecektir. Karlsuhe'den sonra Mahwish Ifthar ve Thomas Gassen delege olarak g\u00f6rev yapacak ve Monika Nickel ve Matthias Dorka yedek delege olarak g\u00f6rev yapacak.<\/p>\n\n\n\n<p>KMV program\u0131 ayr\u0131ca B\u00fcro, Grup ve Ye\u015fil Gen\u00e7lik raporu gibi ola\u011fan g\u00fcndem maddelerini de i\u00e7eriyordu. B\u00f6lge ofisindeki yeni y\u00f6netim Mareike J\u00e4ger ve Matthias Dorka da kendilerini tan\u0131tt\u0131. Ye\u015fil MKK s\u00f6zc\u00fc ekibi Emily Benatzky ve Ahmet \u00c7etiner ak\u015fam boyunca liderlik etti.<\/p>\n\n\n\n<p>Bir kez daha parti yapt\u0131k. Sitede ve dijital olarak orada olan herkese \u00e7ok te\u015fekk\u00fcrler. Yo\u011fun program\u0131na ra\u011fmen bize zaman ay\u0131ran Jakob M\u00e4hler'e de te\u015fekk\u00fcrler. Se\u00e7im kampanyas\u0131 s\u0131cak a\u015famada ve Jakob ile Gelnhausen'de ye\u015fil konular i\u00e7in \u00e7al\u0131\u015facak \u00e7ok iyi bir aday\u0131m\u0131z oldu\u011funa inan\u0131yoruz. Ye\u015fil MKK s\u00f6zc\u00fcs\u00fc Ahmet \u00c7etiner, \"Se\u00e7im kampanyas\u0131n\u0131n son g\u00fcnlerinde kendisine bol enerji ve se\u00e7imde ba\u015far\u0131lar diliyoruz\" dedi.<\/p>","protected":false},"excerpt":{"rendered":"<p>Ye\u015fil MKK'n\u0131n \u00e7ok say\u0131da \u00fcyesinin hem yerel hem de dijital olarak kat\u0131ld\u0131\u011f\u0131 Gelnhausen'deki Dorfgemeinschaftshaus-Hailer'de 10 May\u0131s 2023'te il\u00e7e \u00fcyelerinin meclisinin odak noktas\u0131 \u00e7e\u015fitli se\u00e7imlerdi. [...][d\u00fczenle]<\/p>","protected":false},"author":-1,"featured_media":0,"comment_status":"closed","ping_status":"open","sticky":true,"template":"","format":"standard","meta":{"footnotes":""},"categories":[1],"tags":[],"class_list":["post-1647","post","type-post","status-publish","format-standard","hentry","category-allgemein"],"_links":{"self":[{"href":"https:\/\/www.gruene-mkk.de\/tr\/wp-json\/wp\/v2\/posts\/1647","targetHints":{"allow":["GET"]}}],"collection":[{"href":"https:\/\/www.gruene-mkk.de\/tr\/wp-json\/wp\/v2\/posts"}],"about":[{"href":"https:\/\/www.gruene-mkk.de\/tr\/wp-json\/wp\/v2\/types\/post"}],"author":[{"embeddable":true,"href":"https:\/\/www.gruene-mkk.de\/tr\/wp-json\/wp\/v2\/users\/2"}],"replies":[{"embeddable":true,"href":"https:\/\/www.gruene-mkk.de\/tr\/wp-json\/wp\/v2\/comments?post=1647"}],"version-history":[{"count":1,"href":"https:\/\/www.gruene-mkk.de\/tr\/wp-json\/wp\/v2\/posts\/1647\/revisions"}],"predecessor-version":[{"id":1649,"href":"https:\/\/www.gruene-mkk.de\/tr\/wp-json\/wp\/v2\/posts\/1647\/revisions\/1649"}],"wp:attachment":[{"href":"https:\/\/www.gruene-mkk.de\/tr\/wp-json\/wp\/v2\/media?parent=1647"}],"wp:term":[{"taxonomy":"category","embeddable":true,"href":"https:\/\/www.gruene-mkk.de\/tr\/wp-json\/wp\/v2\/categories?post=1647"},{"taxonomy":"post_tag","embeddable":true,"href":"https:\/\/www.gruene-mkk.de\/tr\/wp-json\/wp\/v2\/tags?post=1647"}],"curies":[{"name":"wp","href":"https:\/\/api.w.org\/{rel}","templated":true}]}}