{"id":1639,"date":"2023-05-23T16:21:52","date_gmt":"2023-05-23T14:21:52","guid":{"rendered":"https:\/\/www.gruene-mkk.de\/?p=1639"},"modified":"2023-05-23T16:22:54","modified_gmt":"2023-05-23T14:22:54","slug":"arbeitsgemeinschaft-60-von-buendnis-90-die-gruenen-im-main-kinzig-kreis-diskutieren-die-politischen-themen-der-aelteren-generationen","status":"publish","type":"post","link":"https:\/\/www.gruene-mkk.de\/tr\/arbeitsgemeinschaft-60-von-buendnis-90-die-gruenen-im-main-kinzig-kreis-diskutieren-die-politischen-themen-der-aelteren-generationen\/","title":{"rendered":"Main-Kinzig-Kreis'teki B\u00fcndnis 90\/Die Gr\u00fcnen'in 60+ \u00c7al\u0131\u015fma Grubu, eski nesillerin siyasi sorunlar\u0131n\u0131 tart\u0131\u015f\u0131yor"},"content":{"rendered":"<p><em>Ne zaman ya\u015fland\u0131n? Almanya'da gen\u00e7ler 60 ya\u015f\u0131n \u00fczerindeki t\u00fcm insanlar\u0131 buluyor. Ya\u015fl\u0131lar\u0131n \u00f6z de\u011ferlendirmesi muhtemelen \u00e7ok daha y\u00fcksektir, iyi bir 69'da. Ama nas\u0131l ya\u015fland\u0131\u011f\u0131m\u0131z ve ya\u015fl\u0131 insanlar olarak ya\u015fad\u0131\u011f\u0131m\u0131z daha \u00f6nemli de\u011fil mi?<\/em><\/p>\n\n\n\n<p>\u2047 Odak a\u00e7\u0131kt\u0131r \u2047 , Bad Orb'dan Beate Boege-Sonnek,  \u2047 toplumumuz ya\u015flan\u0131yor  \u2047  bebek boomers \u2047   \u2047  terimini kullan\u0131yor ve bu nedenle bu toplumun t\u00fcm alanlar\u0131n\u0131n fark\u0131nda olmak istiyoruz  \u2047 .  \u2047 Ya\u015fl\u0131lar\u0131n sorunlar\u0131n\u0131 politik olarak yerle\u015ftirmek bizim i\u015fimiz, bu bizim g\u00f6revimiz \u2047 , kat\u0131l\u0131mc\u0131lar hemfikir.<\/p>\n\n\n\n<p>Ve bu konular her zaman \u00e7e\u015fitlidir:<\/p>\n\n\n\n<p>\u00d6zellikle ya\u015fl\u0131 insanlar \u015fehirlerde a\u015f\u0131r\u0131 \u0131s\u0131nmadan muzdariptir, di\u011ferlerinden daha zordur ve \u0131s\u0131dan zar zor ka\u00e7abilir. Bir\u00e7ok beton, bitki eksikli\u011fi ve say\u0131s\u0131z \u0131s\u0131 depolama y\u00fczeyi, \u015fehirleri k\u0131rsal kesimden on santigrat dereceye kadar daha s\u0131cak olabilece\u011fi adalar\u0131 \u0131s\u0131t\u0131r.<\/p>\n\n\n\n<p>Bir di\u011fer zorluk da k\u0131rsal alanlarda t\u0131bbi bak\u0131md\u0131r. Vatanda\u015flar i\u00e7in iyi t\u0131bbi bak\u0131m \u00f6nemli bir siyasi kayg\u0131d\u0131r. \u00d6zellikle ya\u015fl\u0131 insanlar, daha fazla deste\u011fe ihtiya\u00e7 duyduklar\u0131 ve artan ya\u015fla birlikte hareketliliklerinde s\u0131n\u0131rl\u0131 olduklar\u0131 i\u00e7in yetersiz kaynaktan muzdariptir.<\/p>\n\n\n\n<p>Buna g\u00f6re, ula\u015f\u0131m konseptleri, ya\u015fl\u0131 insanlar\u0131n bile mobil kalabilece\u011fi ve ba\u011f\u0131ms\u0131z olarak ya\u015famaya devam edebilece\u011fi \u015fekilde tasarlanmal\u0131d\u0131r. Ek olarak, ula\u015f\u0131m konseptlerinin Ye\u015fillere g\u00f6re  \u2047  ya\u015f\u0131na g\u00f6re uyarlanmas\u0131 gerekir.&nbsp;&nbsp;<\/p>\n\n\n\n<p>Mobiliteye ek olarak, bir di\u011fer \u00f6nemli alan da uygun fiyatl\u0131 ve engelsiz konutlar\u0131n yan\u0131 s\u0131ra yaln\u0131zl\u0131\u011fa kar\u015f\u0131 ve ortak ya\u015fam bi\u00e7imleridir. \u015eehirler ve belediyeler, kentsel geli\u015fimlerinde eski nesil i\u00e7in de \u00e7aba g\u00f6stermelidir.<\/p>\n\n\n\n<p>Kat\u0131l\u0131mc\u0131lar yapacak \u00e7ok \u015fey oldu\u011funu ve kendi belediyelerinde bunun i\u00e7in aya\u011fa kalkacaklar\u0131n\u0131 kabul ediyorlar.<\/p>\n\n\n\n<p>Bir sonraki toplant\u0131, ye\u015fil parti kitab\u0131 olmadan ve bununla birlikte 60+ ilgili t\u00fcm taraflar i\u00e7in de d\u00fczenlenecektir. Herkes i\u00e7tenlikle davetlidir. Ileti\u015fim yoluyla <a href=\"#\" data-unscramble=\"ed.kkm-eneurg@vk\">kv@gruene-mkk.de<\/a>.<\/p>","protected":false},"excerpt":{"rendered":"<p>Ne zaman ya\u015fland\u0131n? Almanya'da gen\u00e7ler 60 ya\u015f\u0131n \u00fczerindeki t\u00fcm insanlar\u0131 buluyor. Ya\u015fl\u0131lar\u0131n \u00f6z de\u011ferlendirmesi muhtemelen \u00e7ok daha y\u00fcksektir, iyi bir 69'da. Ama daha \u00f6nemli de\u011fil [...]<\/p>","protected":false},"author":-1,"featured_media":1646,"comment_status":"closed","ping_status":"open","sticky":true,"template":"","format":"standard","meta":{"footnotes":""},"categories":[1],"tags":[],"class_list":["post-1639","post","type-post","status-publish","format-standard","has-post-thumbnail","hentry","category-allgemein"],"_links":{"self":[{"href":"https:\/\/www.gruene-mkk.de\/tr\/wp-json\/wp\/v2\/posts\/1639","targetHints":{"allow":["GET"]}}],"collection":[{"href":"https:\/\/www.gruene-mkk.de\/tr\/wp-json\/wp\/v2\/posts"}],"about":[{"href":"https:\/\/www.gruene-mkk.de\/tr\/wp-json\/wp\/v2\/types\/post"}],"author":[{"embeddable":true,"href":"https:\/\/www.gruene-mkk.de\/tr\/wp-json\/wp\/v2\/users\/2"}],"replies":[{"embeddable":true,"href":"https:\/\/www.gruene-mkk.de\/tr\/wp-json\/wp\/v2\/comments?post=1639"}],"version-history":[{"count":1,"href":"https:\/\/www.gruene-mkk.de\/tr\/wp-json\/wp\/v2\/posts\/1639\/revisions"}],"predecessor-version":[{"id":1641,"href":"https:\/\/www.gruene-mkk.de\/tr\/wp-json\/wp\/v2\/posts\/1639\/revisions\/1641"}],"wp:featuredmedia":[{"embeddable":true,"href":"https:\/\/www.gruene-mkk.de\/tr\/wp-json\/wp\/v2\/media\/1646"}],"wp:attachment":[{"href":"https:\/\/www.gruene-mkk.de\/tr\/wp-json\/wp\/v2\/media?parent=1639"}],"wp:term":[{"taxonomy":"category","embeddable":true,"href":"https:\/\/www.gruene-mkk.de\/tr\/wp-json\/wp\/v2\/categories?post=1639"},{"taxonomy":"post_tag","embeddable":true,"href":"https:\/\/www.gruene-mkk.de\/tr\/wp-json\/wp\/v2\/tags?post=1639"}],"curies":[{"name":"wp","href":"https:\/\/api.w.org\/{rel}","templated":true}]}}