{"id":1627,"date":"2023-04-20T13:34:09","date_gmt":"2023-04-20T11:34:09","guid":{"rendered":"https:\/\/www.gruene-mkk.de\/?p=1627"},"modified":"2024-09-05T14:27:46","modified_gmt":"2024-09-05T12:27:46","slug":"kommt-zum-neumitglieder-fruehstueck","status":"publish","type":"post","link":"https:\/\/www.gruene-mkk.de\/tr\/kommt-zum-neumitglieder-fruehstueck\/","title":{"rendered":"Yeni \u00fcyemizin kahvalt\u0131s\u0131na gelin!"},"content":{"rendered":"<p>Sizi 22 Nisan Cumartesi g\u00fcn\u00fc saat 10'da Calvinstra\u00dfe 10, Hanau'daki ofisimizde yeni \u00fcye kahvalt\u0131m\u0131za davet ediyoruz. <\/p>\n\n\n\n<p>Hafta sonunu bizimle birlikte ba\u015flatan her yeni ve eski \u00fcyeden memnunuz. <\/p>\n\n\n\n<p>Kv@gruene-mkk.de adresine e-posta g\u00f6ndererek kay\u0131t olabilirsiniz. <\/p>\n\n\n\n<p>Cumartesi g\u00f6r\u00fc\u015f\u00fcr\u00fcz!<\/p>","protected":false},"excerpt":{"rendered":"<p>Sizi 22 Nisan Cumartesi g\u00fcn\u00fc saat 10'da Calvinstra\u00dfe 10, Hanau'daki ofisimizde yeni \u00fcye kahvalt\u0131m\u0131za davet ediyoruz. Her yeni ve eski \u00fcyeyi a\u011f\u0131rlamaktan mutluluk duyuyoruz, [...]<\/p>","protected":false},"author":-1,"featured_media":0,"comment_status":"closed","ping_status":"open","sticky":true,"template":"","format":"standard","meta":{"footnotes":""},"categories":[1],"tags":[],"class_list":["post-1627","post","type-post","status-publish","format-standard","hentry","category-allgemein"],"_links":{"self":[{"href":"https:\/\/www.gruene-mkk.de\/tr\/wp-json\/wp\/v2\/posts\/1627","targetHints":{"allow":["GET"]}}],"collection":[{"href":"https:\/\/www.gruene-mkk.de\/tr\/wp-json\/wp\/v2\/posts"}],"about":[{"href":"https:\/\/www.gruene-mkk.de\/tr\/wp-json\/wp\/v2\/types\/post"}],"author":[{"embeddable":true,"href":"https:\/\/www.gruene-mkk.de\/tr\/wp-json\/wp\/v2\/users\/2"}],"replies":[{"embeddable":true,"href":"https:\/\/www.gruene-mkk.de\/tr\/wp-json\/wp\/v2\/comments?post=1627"}],"version-history":[{"count":2,"href":"https:\/\/www.gruene-mkk.de\/tr\/wp-json\/wp\/v2\/posts\/1627\/revisions"}],"predecessor-version":[{"id":1630,"href":"https:\/\/www.gruene-mkk.de\/tr\/wp-json\/wp\/v2\/posts\/1627\/revisions\/1630"}],"wp:attachment":[{"href":"https:\/\/www.gruene-mkk.de\/tr\/wp-json\/wp\/v2\/media?parent=1627"}],"wp:term":[{"taxonomy":"category","embeddable":true,"href":"https:\/\/www.gruene-mkk.de\/tr\/wp-json\/wp\/v2\/categories?post=1627"},{"taxonomy":"post_tag","embeddable":true,"href":"https:\/\/www.gruene-mkk.de\/tr\/wp-json\/wp\/v2\/tags?post=1627"}],"curies":[{"name":"wp","href":"https:\/\/api.w.org\/{rel}","templated":true}]}}