{"id":1556,"date":"2023-02-15T14:51:59","date_gmt":"2023-02-15T13:51:59","guid":{"rendered":"https:\/\/www.gruene-mkk.de\/?p=1556"},"modified":"2023-02-15T14:56:14","modified_gmt":"2023-02-15T13:56:14","slug":"ministerin-dorn-zu-besuch-im-mkk","status":"publish","type":"post","link":"https:\/\/www.gruene-mkk.de\/tr\/ministerin-dorn-zu-besuch-im-mkk\/","title":{"rendered":"<strong>Bakan Dorn MKK'y\u0131 ziyaret etti<\/strong>"},"content":{"rendered":"<p><\/p>\n\n\n\n<p>Hessen Bilim ve Sanat Bakan\u0131 Angela Dorn, ge\u00e7ti\u011fimiz Cuma g\u00fcn\u00fc Bad Orb ve Hanau \u015fehirlerini ziyaret etti.<\/p>\n\n\n\n<p>Spa kasabas\u0131nda, ziyareti, onu ilk \u00f6nce mezuniyet tesisine g\u00f6t\u00fcren an\u0131tlar\u0131n korunmas\u0131yla i\u015faretlendi. \u2047 Freunde des Bad Orber Gradierwerks \u2047  derne\u011fi \u00fcyeleri bina boyunca onlara rehberlik ettiler ve \u00e7al\u0131\u015fmalar\u0131 hakk\u0131nda g\u00f6r\u00fc\u015f al\u0131\u015fveri\u015finde bulundular.<\/p>\n\n\n\n<p>Bakana hem gelece\u011fi olan bir an\u0131t hem de g\u00f6n\u00fcll\u00fc vatanda\u015flar\u0131n \u00f6nemli \u00e7al\u0131\u015fmalar\u0131 hakk\u0131nda bir fikir verebildi\u011fimiz i\u00e7in mutluyuz. \u00c7\u00fcnk\u00fc bu son derece \u00f6nemli onursal g\u00f6revler olmadan, \u015fehir bir\u00e7ok cazibe merkezi taraf\u0131ndan daha fakir olurdu, \"diyor Bad Orb'daki Ye\u015filler kurulundan Beate Boege-Sonnek.<\/p>\n\n\n\n<p>\u015eehrin Alt\u0131n Kitab\u0131'na kaydolduktan sonra ye\u015fil bakan, Bad Orb Opera Akademisi'nin mevcut planlar\u0131 hakk\u0131nda daha fazla bilgi edindi. Pandemi nedeniyle iki y\u0131ll\u0131k bir aradan sonra, klasik bir m\u00fczikal  \u2047 Anatevka \u2047  ilk kez programda bulunabilir.<\/p>\n\n\n\n<p>Ziyaretinin bir sonraki dura\u011f\u0131 Hanau  \u2047  the Ajoki'deki Eski St. John Kilisesi'ydi. Operat\u00f6r Elias Kolbe, Bakan Dorn'u sosyo-k\u00fclt\u00fcrel merkeze y\u00f6nlendirdi. \u00d6zellikle Covid sonras\u0131 d\u00f6nemde merkezin durumuyla ilgilendi ve finansman\u0131n k\u00fclt\u00fcrel kurumlar\u0131 hedefli ve etkili bir \u015fekilde nas\u0131l destekleyebilece\u011fini sordu. Tart\u0131\u015fma s\u0131ras\u0131nda, s\u00fcrd\u00fcr\u00fclebilir olan kurumsal deste\u011fin sosyo-k\u00fclt\u00fcrel merkezlerin kurulmas\u0131 ve i\u015fletilmesi i\u00e7in gerekli oldu\u011fu \u00e7ok net bir \u015fekilde ortaya \u00e7\u0131kt\u0131.<\/p>\n\n\n\n<p>Bilim ve Sanat Bakan\u0131 olarak sosyo-k\u00fclt\u00fcr kalbime \u00e7ok yak\u0131n. Ye\u015filleri birlikte y\u00f6netti\u011fimiz iki yasama d\u00f6neminde, sosyo-k\u00fclt\u00fcre olan deste\u011fi yakla\u015f\u0131k be\u015f kat art\u0131rd\u0131k. Bunu \u00e7ok \u00f6zel bir nedenden dolay\u0131 yap\u0131yoruz: K\u00fclt\u00fcr herkes i\u00e7indir. AJOKI \u00f6rnek bir projedir, \u00e7\u00fcnk\u00fc sosyo-k\u00fclt\u00fcr, gastronomi, e\u011fitim giri\u015fimleri ve sosyal giri\u015fimlerin birlikte nas\u0131l \u00e7al\u0131\u015ft\u0131\u011f\u0131n\u0131 ve ger\u00e7ek bir toplant\u0131 merkezi olu\u015fturdu\u011funu g\u00f6sterir. Ve burada bile odalarda ve evanjelik kilisenin i\u015fbirli\u011fi orta\u011f\u0131 ile. Bakan Angela Dorn, projenin Hanau d\u0131\u015f\u0131nda da b\u00fcy\u00fck ilgi g\u00f6rece\u011finden eminim.<\/p>\n\n\n\n<p>Koronavir\u00fcs pandemisi, k\u00fclt\u00fcrel kurumlar i\u00e7in yap\u0131sal deste\u011fin \u00f6nemini vurgulad\u0131. Hanau'da Ajoki, k\u00fclt\u00fcr\u00fc kentsel alana geri getiren bir yer yaratmay\u0131 ba\u015fard\u0131. Angela'n\u0131n da bizim gibi bu sekt\u00f6r\u00fcn ihtiya\u00e7lar\u0131n\u0131 dinlemeye devam etmesinden memnuniyet duyuyoruz\" dedi.<\/p>\n\n\n\n<figure class=\"wp-block-gallery has-nested-images columns-default is-cropped wp-block-gallery-1 is-layout-flex wp-block-gallery-is-layout-flex\">\n<figure class=\"wp-block-image size-large\"><img loading=\"lazy\" decoding=\"async\" width=\"800\" height=\"656\" data-id=\"1559\" src=\"https:\/\/www.gruene-mkk.de\/wp-content\/uploads\/2023\/02\/2023-02-10-17-59-26-800x656.jpg\" alt=\"\" class=\"wp-image-1559\" srcset=\"https:\/\/www.gruene-mkk.de\/wp-content\/uploads\/2023\/02\/2023-02-10-17-59-26-800x656.jpg 800w, https:\/\/www.gruene-mkk.de\/wp-content\/uploads\/2023\/02\/2023-02-10-17-59-26-400x328.jpg 400w, https:\/\/www.gruene-mkk.de\/wp-content\/uploads\/2023\/02\/2023-02-10-17-59-26-768x630.jpg 768w, https:\/\/www.gruene-mkk.de\/wp-content\/uploads\/2023\/02\/2023-02-10-17-59-26-1536x1260.jpg 1536w, https:\/\/www.gruene-mkk.de\/wp-content\/uploads\/2023\/02\/2023-02-10-17-59-26-2048x1680.jpg 2048w\" sizes=\"auto, (max-width: 800px) 100vw, 800px\" \/><\/figure>\n\n\n\n<figure class=\"wp-block-image size-large\"><img loading=\"lazy\" decoding=\"async\" width=\"800\" height=\"600\" data-id=\"1558\" src=\"https:\/\/www.gruene-mkk.de\/wp-content\/uploads\/2023\/02\/2023-02-10-18-16-38-800x600.jpg\" alt=\"\" class=\"wp-image-1558\" srcset=\"https:\/\/www.gruene-mkk.de\/wp-content\/uploads\/2023\/02\/2023-02-10-18-16-38-800x600.jpg 800w, https:\/\/www.gruene-mkk.de\/wp-content\/uploads\/2023\/02\/2023-02-10-18-16-38-400x300.jpg 400w, https:\/\/www.gruene-mkk.de\/wp-content\/uploads\/2023\/02\/2023-02-10-18-16-38-768x576.jpg 768w, https:\/\/www.gruene-mkk.de\/wp-content\/uploads\/2023\/02\/2023-02-10-18-16-38-1536x1152.jpg 1536w, https:\/\/www.gruene-mkk.de\/wp-content\/uploads\/2023\/02\/2023-02-10-18-16-38-2048x1536.jpg 2048w\" sizes=\"auto, (max-width: 800px) 100vw, 800px\" \/><\/figure>\n\n\n\n<figure class=\"wp-block-image size-large\"><img loading=\"lazy\" decoding=\"async\" width=\"800\" height=\"600\" data-id=\"1560\" src=\"https:\/\/www.gruene-mkk.de\/wp-content\/uploads\/2023\/02\/2023-02-10-18-20-02-800x600.jpg\" alt=\"\" class=\"wp-image-1560\" srcset=\"https:\/\/www.gruene-mkk.de\/wp-content\/uploads\/2023\/02\/2023-02-10-18-20-02-800x600.jpg 800w, https:\/\/www.gruene-mkk.de\/wp-content\/uploads\/2023\/02\/2023-02-10-18-20-02-400x300.jpg 400w, https:\/\/www.gruene-mkk.de\/wp-content\/uploads\/2023\/02\/2023-02-10-18-20-02-768x576.jpg 768w, https:\/\/www.gruene-mkk.de\/wp-content\/uploads\/2023\/02\/2023-02-10-18-20-02-1536x1152.jpg 1536w, https:\/\/www.gruene-mkk.de\/wp-content\/uploads\/2023\/02\/2023-02-10-18-20-02-2048x1536.jpg 2048w\" sizes=\"auto, (max-width: 800px) 100vw, 800px\" \/><\/figure>\n<\/figure>","protected":false},"excerpt":{"rendered":"<p>Hessen Bilim ve Sanat Bakan\u0131 Angela Dorn, ge\u00e7ti\u011fimiz Cuma g\u00fcn\u00fc Bad Orb ve Hanau \u015fehirlerini ziyaret etti. Spa kasabas\u0131na yapt\u0131\u011f\u0131 ziyaret [...]<\/p>","protected":false},"author":-1,"featured_media":1563,"comment_status":"closed","ping_status":"open","sticky":true,"template":"","format":"standard","meta":{"footnotes":""},"categories":[1],"tags":[],"class_list":["post-1556","post","type-post","status-publish","format-standard","has-post-thumbnail","hentry","category-allgemein"],"_links":{"self":[{"href":"https:\/\/www.gruene-mkk.de\/tr\/wp-json\/wp\/v2\/posts\/1556","targetHints":{"allow":["GET"]}}],"collection":[{"href":"https:\/\/www.gruene-mkk.de\/tr\/wp-json\/wp\/v2\/posts"}],"about":[{"href":"https:\/\/www.gruene-mkk.de\/tr\/wp-json\/wp\/v2\/types\/post"}],"author":[{"embeddable":true,"href":"https:\/\/www.gruene-mkk.de\/tr\/wp-json\/wp\/v2\/users\/2"}],"replies":[{"embeddable":true,"href":"https:\/\/www.gruene-mkk.de\/tr\/wp-json\/wp\/v2\/comments?post=1556"}],"version-history":[{"count":5,"href":"https:\/\/www.gruene-mkk.de\/tr\/wp-json\/wp\/v2\/posts\/1556\/revisions"}],"predecessor-version":[{"id":1567,"href":"https:\/\/www.gruene-mkk.de\/tr\/wp-json\/wp\/v2\/posts\/1556\/revisions\/1567"}],"wp:featuredmedia":[{"embeddable":true,"href":"https:\/\/www.gruene-mkk.de\/tr\/wp-json\/wp\/v2\/media\/1563"}],"wp:attachment":[{"href":"https:\/\/www.gruene-mkk.de\/tr\/wp-json\/wp\/v2\/media?parent=1556"}],"wp:term":[{"taxonomy":"category","embeddable":true,"href":"https:\/\/www.gruene-mkk.de\/tr\/wp-json\/wp\/v2\/categories?post=1556"},{"taxonomy":"post_tag","embeddable":true,"href":"https:\/\/www.gruene-mkk.de\/tr\/wp-json\/wp\/v2\/tags?post=1556"}],"curies":[{"name":"wp","href":"https:\/\/api.w.org\/{rel}","templated":true}]}}