{"id":1462,"date":"2022-11-18T10:16:57","date_gmt":"2022-11-18T09:16:57","guid":{"rendered":"https:\/\/www.gruene-mkk.de\/?p=1462"},"modified":"2022-11-18T10:34:47","modified_gmt":"2022-11-18T09:34:47","slug":"optimismus-in-zeiten-der-krise","status":"publish","type":"post","link":"https:\/\/www.gruene-mkk.de\/tr\/optimismus-in-zeiten-der-krise\/","title":{"rendered":"Kriz zamanlar\u0131nda iyimserlik"},"content":{"rendered":"<p>\u2047 \u00c7al\u0131\u015fmalar\u0131m\u0131z\u0131 ve destekleyebildi\u011fimiz aileleri g\u00f6rmek, bu zor zamanda iyimser kalmam\u0131za yard\u0131mc\u0131 oldu  \u2047 , Ukrayna 280 G\u00fcn Vakf\u0131'ndan Alesia Azarova'y\u0131 bildirdi. Vak\u0131f, hamile kad\u0131nlar\u0131, yenido\u011fanlar\u0131 ve premat\u00fcre bebekleri, hamilelik s\u0131ras\u0131nda fiziksel ve zihinsel sa\u011fl\u0131k konusunda e\u011fiterek ve premat\u00fcre bebeklerin do\u011fum \u00f6ncesi tan\u0131 ve bak\u0131m\u0131 i\u00e7in ekipman tedarik ederek desteklemektedir.<\/p>\n\n\n\n<p>17 Kas\u0131m'daki Uluslararas\u0131 Premat\u00fcre Bebekler G\u00fcn\u00fc'ne uygun olarak, \u0130ttifak 90\/Ye\u015filler kad\u0131nlar\u0131 Ukraynal\u0131 kad\u0131n\u0131 bir toplant\u0131ya davet etmi\u015fti. Azarova, kendi o\u011flunun bir \u00f6nceki y\u0131l \u00e7ok erken do\u011fmas\u0131ndan sonra, koronavir\u00fcs pandemisinin ba\u015flamas\u0131ndan \u00f6nce 2020'de vakf\u0131 nas\u0131l kurdu\u011funu bildirdi. Ba\u015flang\u0131\u00e7ta ama\u00e7, hamile ebeveynlerin ve doktorlar\u0131n e\u011fitimi ve e\u011fitiminin yan\u0131 s\u0131ra premat\u00fcre bebekler i\u00e7in iyi bak\u0131m sa\u011flamakt\u0131. Vakf\u0131n orijinal konseptinin pandemi ko\u015fullar\u0131na h\u0131zl\u0131 bir \u015fekilde uyarlanmas\u0131 gerekiyordu. Di\u011fer \u015feylerin yan\u0131 s\u0131ra, ailelere bilgi verilebilecek bir \u00e7evrimi\u00e7i radyo ba\u015flat\u0131ld\u0131.<\/p>\n\n\n\n<p>\u0130ki y\u0131l sonra sava\u015f ba\u015flad\u0131 ve Vakf\u0131n \u00e7al\u0131\u015fmalar\u0131 tekrar de\u011fi\u015fti. Te\u015fhis ama\u00e7l\u0131 cihazlar\u0131n sa\u011flanmas\u0131 hala i\u015fin bir par\u00e7as\u0131d\u0131r. Bombalama s\u0131ras\u0131nda imha edilen ekipmanlar de\u011fi\u015ftirilmelidir. Bununla birlikte, sava\u015f ve ailelerin buna ba\u011fl\u0131 zor mali durumu, Vak\u0131f \u00e7al\u0131\u015fanlar\u0131n\u0131n ba\u015fka bir program ba\u015flatmas\u0131na neden oldu: Gerekli ba\u015flang\u0131\u00e7 ekipman\u0131 ile anne adaylar\u0131na parsel g\u00f6nderirler  \u2047  bebek bezi, battaniye, yiyecek vb.<\/p>\n\n\n\n<p>\u00c7al\u0131\u015fma, \u00e7e\u015fitli ulusal ve uluslararas\u0131 sponsorlar\u0131n hibeleriyle finanse edilmektedir ve vak\u0131f, Ukrayna'daki malzeme ve ekipman ihtiyac\u0131n\u0131 belirlemek ve \u00f6zellikle desteklemek i\u00e7in BM kurulu\u015flar\u0131yla yak\u0131n temas halindedir. Bununla birlikte, vak\u0131f ister finansal ister maddi olsun, her ba\u011f\u0131\u015ftan memnundur. Azarova, \"Ba\u011f\u0131\u015flar\u0131m\u0131z\u0131n nereye gitti\u011fi konusunda m\u00fcmk\u00fcn oldu\u011funca \u015feffaf olmam\u0131z bizim i\u00e7in \u00f6nemli\" dedi. Bu nedenle, destek alan annelerden bir paket ald\u0131klar\u0131nda kendilerinin ve \u00e7ocuklar\u0131n\u0131n resimlerini g\u00f6ndermelerini rica ediyoruz. Bu sadece \u015feffafl\u0131\u011fa de\u011fil, ayn\u0131 zamanda \u00e7al\u0131\u015fmalar\u0131m\u0131z\u0131n meyvelerini g\u00f6rd\u00fc\u011f\u00fcm\u00fczde bizim ve ba\u011f\u0131\u015f\u00e7\u0131lar\u0131m\u0131z\u0131n sahip oldu\u011fu sevince de katk\u0131da bulunur.<\/p>\n\n\n\n<p>Vak\u0131f ana sayfas\u0131ndan ba\u011f\u0131\u015f kabul etmektedir: <a href=\"https:\/\/280days-en.org\/\">https:\/\/280days-en.org\/<\/a> <\/p>\n\n\n\n<p>Di\u011fer \u015feylerin yan\u0131 s\u0131ra, \u00e7al\u0131\u015fmalar\u0131 hakk\u0131nda bilgi verir <a href=\"https:\/\/www.facebook.com\/280DaysFund\">Facebook<\/a> ve <a href=\"https:\/\/www.instagram.com\/280daysfund\/\">\u0130nstagram'da<\/a>.<\/p>","protected":false},"excerpt":{"rendered":"<p>Ye\u015fil kad\u0131nlar, Ukrayna  \u2047 280 Days \u2047  Vakf\u0131'ndan Uluslararas\u0131 Premat\u00fcre Bebekler G\u00fcn\u00fc Alesia Azarova'ya ev sahipli\u011fi yapt\u0131.<\/p>","protected":false},"author":-1,"featured_media":1463,"comment_status":"closed","ping_status":"open","sticky":false,"template":"","format":"standard","meta":{"footnotes":""},"categories":[1],"tags":[],"class_list":["post-1462","post","type-post","status-publish","format-standard","has-post-thumbnail","hentry","category-allgemein"],"_links":{"self":[{"href":"https:\/\/www.gruene-mkk.de\/tr\/wp-json\/wp\/v2\/posts\/1462","targetHints":{"allow":["GET"]}}],"collection":[{"href":"https:\/\/www.gruene-mkk.de\/tr\/wp-json\/wp\/v2\/posts"}],"about":[{"href":"https:\/\/www.gruene-mkk.de\/tr\/wp-json\/wp\/v2\/types\/post"}],"author":[{"embeddable":true,"href":"https:\/\/www.gruene-mkk.de\/tr\/wp-json\/wp\/v2\/users\/2"}],"replies":[{"embeddable":true,"href":"https:\/\/www.gruene-mkk.de\/tr\/wp-json\/wp\/v2\/comments?post=1462"}],"version-history":[{"count":2,"href":"https:\/\/www.gruene-mkk.de\/tr\/wp-json\/wp\/v2\/posts\/1462\/revisions"}],"predecessor-version":[{"id":1466,"href":"https:\/\/www.gruene-mkk.de\/tr\/wp-json\/wp\/v2\/posts\/1462\/revisions\/1466"}],"wp:featuredmedia":[{"embeddable":true,"href":"https:\/\/www.gruene-mkk.de\/tr\/wp-json\/wp\/v2\/media\/1463"}],"wp:attachment":[{"href":"https:\/\/www.gruene-mkk.de\/tr\/wp-json\/wp\/v2\/media?parent=1462"}],"wp:term":[{"taxonomy":"category","embeddable":true,"href":"https:\/\/www.gruene-mkk.de\/tr\/wp-json\/wp\/v2\/categories?post=1462"},{"taxonomy":"post_tag","embeddable":true,"href":"https:\/\/www.gruene-mkk.de\/tr\/wp-json\/wp\/v2\/tags?post=1462"}],"curies":[{"name":"wp","href":"https:\/\/api.w.org\/{rel}","templated":true}]}}