{"id":1390,"date":"2022-10-17T11:01:18","date_gmt":"2022-10-17T09:01:18","guid":{"rendered":"https:\/\/www.gruene-mkk.de\/?p=1390"},"modified":"2022-10-17T12:06:01","modified_gmt":"2022-10-17T10:06:01","slug":"delegation-beim-parteitag-in-bonn","status":"publish","type":"post","link":"https:\/\/www.gruene-mkk.de\/tr\/delegation-beim-parteitag-in-bonn\/","title":{"rendered":"Bonn'daki Parti Kongresi Delegasyonu"},"content":{"rendered":"<p>Delegelerimiz Barbara Sch\u00e4fer ve Matthias Dorka'n\u0131n ge\u00e7ti\u011fimiz hafta sonu kat\u0131ld\u0131\u011f\u0131 tarihi bir federal delegeler konferans\u0131yd\u0131. Atmosferik enerji santralleri, k\u00f6m\u00fcr madencili\u011fi ve silah teslimatlar\u0131 konusunda zor kararlar al\u0131nmas\u0131 gerekiyordu. Cuma ve cumartesi g\u00fcnleri ise gece ge\u00e7 saatlere kadar devam etti. Annalena Baerboch, Roberthabeck, Ricarda Lang, Omid Nouripour ve di\u011fer \u00fcyeler, g\u00f6lgeli kararlara duyulan ihtiyac\u0131n yan\u0131 s\u0131ra, Ye\u015fillerin Ukrayna halk\u0131yla ve \u00f6zellikle \u0130ran ve Afganistan'daki kad\u0131nlarla dayan\u0131\u015fmas\u0131n\u0131 yeniden teyit ettikleri heyecan verici ve duygusal konu\u015fmalar yapt\u0131lar.<\/p>\n\n\n\n<p>Bu, koronavir\u00fcs pandemisinin ba\u015flamas\u0131ndan bu yana d\u00fczenlenen ilk federal delegeler konferans\u0131yd\u0131. Insegsamt etkinli\u011fe 800 delege ve konukla kat\u0131ld\u0131. Tart\u0131\u015fmalar\u0131n ve oylar\u0131n marj\u0131nda ve \u00f6zellikle Cumartesi ak\u015fam\u0131 kutlama s\u0131ras\u0131nda, fikir al\u0131\u015fveri\u015finde bulunmak ve di\u011fer il\u00e7e derneklerinden delegelerle temas kurmak i\u00e7in bir\u00e7ok f\u0131rsat vard\u0131. <\/p>\n\n\n\n<p>Ba\u015fvurular\u0131n haz\u0131rlanmas\u0131 ve yo\u011fun bir \u015fekilde incelenmesi ve azimleri i\u00e7in delegelerimize \u00e7ok te\u015fekk\u00fcr ederiz! <\/p>\n\n\n\n<figure class=\"wp-block-gallery has-nested-images columns-default is-cropped wp-block-gallery-1 is-layout-flex wp-block-gallery-is-layout-flex\">\n<figure class=\"wp-block-image size-large\"><img loading=\"lazy\" decoding=\"async\" width=\"2560\" height=\"1920\" data-id=\"1395\" src=\"https:\/\/www.gruene-mkk.de\/wp-content\/uploads\/2022\/10\/IMG_1940-scaled.jpg\" alt=\"\" class=\"wp-image-1395\" srcset=\"https:\/\/www.gruene-mkk.de\/wp-content\/uploads\/2022\/10\/IMG_1940-scaled.jpg 2560w, https:\/\/www.gruene-mkk.de\/wp-content\/uploads\/2022\/10\/IMG_1940-400x300.jpg 400w, https:\/\/www.gruene-mkk.de\/wp-content\/uploads\/2022\/10\/IMG_1940-800x600.jpg 800w, https:\/\/www.gruene-mkk.de\/wp-content\/uploads\/2022\/10\/IMG_1940-768x576.jpg 768w, https:\/\/www.gruene-mkk.de\/wp-content\/uploads\/2022\/10\/IMG_1940-1536x1152.jpg 1536w, https:\/\/www.gruene-mkk.de\/wp-content\/uploads\/2022\/10\/IMG_1940-2048x1536.jpg 2048w\" sizes=\"auto, (max-width: 2560px) 100vw, 2560px\" \/><figcaption>KV Offenbach Land ve Brandenburg Havel heyeti ile \u00f6\u011fle yeme\u011fi<\/figcaption><\/figure>\n\n\n\n<figure class=\"wp-block-image size-large\"><img loading=\"lazy\" decoding=\"async\" width=\"1512\" height=\"2016\" data-id=\"1393\" src=\"https:\/\/www.gruene-mkk.de\/wp-content\/uploads\/2022\/10\/9eeec698-9f7d-4166-bed0-36ebc7cb7718.jpg\" alt=\"\" class=\"wp-image-1393\" srcset=\"https:\/\/www.gruene-mkk.de\/wp-content\/uploads\/2022\/10\/9eeec698-9f7d-4166-bed0-36ebc7cb7718.jpg 1512w, https:\/\/www.gruene-mkk.de\/wp-content\/uploads\/2022\/10\/9eeec698-9f7d-4166-bed0-36ebc7cb7718-400x533.jpg 400w, https:\/\/www.gruene-mkk.de\/wp-content\/uploads\/2022\/10\/9eeec698-9f7d-4166-bed0-36ebc7cb7718-800x1067.jpg 800w, https:\/\/www.gruene-mkk.de\/wp-content\/uploads\/2022\/10\/9eeec698-9f7d-4166-bed0-36ebc7cb7718-768x1024.jpg 768w, https:\/\/www.gruene-mkk.de\/wp-content\/uploads\/2022\/10\/9eeec698-9f7d-4166-bed0-36ebc7cb7718-1152x1536.jpg 1152w\" sizes=\"auto, (max-width: 1512px) 100vw, 1512px\" \/><figcaption>Barbara Sch\u00e4fer (delegasyon), Robert Erkan (2023 eyalet se\u00e7imleri i\u00e7in aday), Mareike Forchheim (yedek delege), Matthias Dorka (delegasyon)<\/figcaption><\/figure>\n\n\n\n<figure class=\"wp-block-image size-large\"><img loading=\"lazy\" decoding=\"async\" width=\"1600\" height=\"1204\" data-id=\"1397\" src=\"https:\/\/www.gruene-mkk.de\/wp-content\/uploads\/2022\/10\/BDK2022.jpg\" alt=\"\" class=\"wp-image-1397\" srcset=\"https:\/\/www.gruene-mkk.de\/wp-content\/uploads\/2022\/10\/BDK2022.jpg 1600w, https:\/\/www.gruene-mkk.de\/wp-content\/uploads\/2022\/10\/BDK2022-400x301.jpg 400w, https:\/\/www.gruene-mkk.de\/wp-content\/uploads\/2022\/10\/BDK2022-800x602.jpg 800w, https:\/\/www.gruene-mkk.de\/wp-content\/uploads\/2022\/10\/BDK2022-768x578.jpg 768w, https:\/\/www.gruene-mkk.de\/wp-content\/uploads\/2022\/10\/BDK2022-1536x1156.jpg 1536w\" sizes=\"auto, (max-width: 1600px) 100vw, 1600px\" \/><figcaption>Konu\u015fmac\u0131: Robert Habeck<\/figcaption><\/figure>\n\n\n\n<figure class=\"wp-block-image size-large\"><img loading=\"lazy\" decoding=\"async\" width=\"2016\" height=\"1512\" data-id=\"1392\" src=\"https:\/\/www.gruene-mkk.de\/wp-content\/uploads\/2022\/10\/ac16d12e-9bc5-49bc-bd01-9184d5effdff.jpg\" alt=\"\" class=\"wp-image-1392\" srcset=\"https:\/\/www.gruene-mkk.de\/wp-content\/uploads\/2022\/10\/ac16d12e-9bc5-49bc-bd01-9184d5effdff.jpg 2016w, https:\/\/www.gruene-mkk.de\/wp-content\/uploads\/2022\/10\/ac16d12e-9bc5-49bc-bd01-9184d5effdff-400x300.jpg 400w, https:\/\/www.gruene-mkk.de\/wp-content\/uploads\/2022\/10\/ac16d12e-9bc5-49bc-bd01-9184d5effdff-800x600.jpg 800w, https:\/\/www.gruene-mkk.de\/wp-content\/uploads\/2022\/10\/ac16d12e-9bc5-49bc-bd01-9184d5effdff-768x576.jpg 768w, https:\/\/www.gruene-mkk.de\/wp-content\/uploads\/2022\/10\/ac16d12e-9bc5-49bc-bd01-9184d5effdff-1536x1152.jpg 1536w\" sizes=\"auto, (max-width: 2016px) 100vw, 2016px\" \/><figcaption>Melanie Bacher (KV Offenbach Land) ile MKK Heyeti<\/figcaption><\/figure>\n<\/figure>","protected":false},"excerpt":{"rendered":"<p>Delegelerimiz Barbara Sch\u00e4fer ve Matthias Dorka'n\u0131n ge\u00e7ti\u011fimiz hafta sonu kat\u0131ld\u0131\u011f\u0131 tarihi bir federal delegeler konferans\u0131yd\u0131. Atmosferik enerji santralleri, k\u00f6m\u00fcr madencili\u011fi ve silah teslimatlar\u0131 konusunda zor kararlar al\u0131nmas\u0131 gerekiyordu. Bunu takip eden [...]<\/p>","protected":false},"author":-1,"featured_media":1394,"comment_status":"closed","ping_status":"open","sticky":false,"template":"","format":"standard","meta":{"footnotes":""},"categories":[1],"tags":[22,18],"class_list":["post-1390","post","type-post","status-publish","format-standard","has-post-thumbnail","hentry","category-allgemein","tag-bdk","tag-unterwegs"],"_links":{"self":[{"href":"https:\/\/www.gruene-mkk.de\/tr\/wp-json\/wp\/v2\/posts\/1390","targetHints":{"allow":["GET"]}}],"collection":[{"href":"https:\/\/www.gruene-mkk.de\/tr\/wp-json\/wp\/v2\/posts"}],"about":[{"href":"https:\/\/www.gruene-mkk.de\/tr\/wp-json\/wp\/v2\/types\/post"}],"author":[{"embeddable":true,"href":"https:\/\/www.gruene-mkk.de\/tr\/wp-json\/wp\/v2\/users\/2"}],"replies":[{"embeddable":true,"href":"https:\/\/www.gruene-mkk.de\/tr\/wp-json\/wp\/v2\/comments?post=1390"}],"version-history":[{"count":2,"href":"https:\/\/www.gruene-mkk.de\/tr\/wp-json\/wp\/v2\/posts\/1390\/revisions"}],"predecessor-version":[{"id":1399,"href":"https:\/\/www.gruene-mkk.de\/tr\/wp-json\/wp\/v2\/posts\/1390\/revisions\/1399"}],"wp:featuredmedia":[{"embeddable":true,"href":"https:\/\/www.gruene-mkk.de\/tr\/wp-json\/wp\/v2\/media\/1394"}],"wp:attachment":[{"href":"https:\/\/www.gruene-mkk.de\/tr\/wp-json\/wp\/v2\/media?parent=1390"}],"wp:term":[{"taxonomy":"category","embeddable":true,"href":"https:\/\/www.gruene-mkk.de\/tr\/wp-json\/wp\/v2\/categories?post=1390"},{"taxonomy":"post_tag","embeddable":true,"href":"https:\/\/www.gruene-mkk.de\/tr\/wp-json\/wp\/v2\/tags?post=1390"}],"curies":[{"name":"wp","href":"https:\/\/api.w.org\/{rel}","templated":true}]}}