{"id":1387,"date":"2022-10-17T10:14:48","date_gmt":"2022-10-17T08:14:48","guid":{"rendered":"https:\/\/www.gruene-mkk.de\/?p=1387"},"modified":"2022-10-17T10:14:49","modified_gmt":"2022-10-17T08:14:49","slug":"zu-besuch-bei-omid-nouripour","status":"publish","type":"post","link":"https:\/\/www.gruene-mkk.de\/tr\/zu-besuch-bei-omid-nouripour\/","title":{"rendered":"Omid Nouripour ile ilgili bir soru sorun"},"content":{"rendered":"<p>Gr\u00fcne Main-Kinzig, Federal Meclis \u00dcyesi Omid Nouripour, Federal Y\u00fcr\u00fctme Kurulu B\u00fcndnis 90 \/ Die Gr\u00fcnen'in daveti \u00fczerine Berlin'in h\u00fck\u00fcmet b\u00f6lgesinde kendilerini bilgilendirir. Nouripour ile yap\u0131lan toplant\u0131da Ye\u015filler'in uluslararas\u0131 \u00e7at\u0131\u015fmalar konusundaki tutumu \u00fczerinde duruldu. Uluslararas\u0131 hukuku ihlal eden Rus sald\u0131rganl\u0131k sava\u015f\u0131na kar\u015f\u0131 Ukrayna halk\u0131n\u0131 desteklemek i\u00e7in daha fazla \u00f6nlem al\u0131nmas\u0131ndan bahsedildi. Afganistan'dan gelen yerel g\u00fc\u00e7leri ve di\u011fer m\u00fcltecileri bar\u0131nd\u0131rmak i\u00e7in Nouripour, erken bir \u00f6nlem paketi s\u00f6z\u00fc verdi. Ter\u00f6r rejimi taraf\u0131ndan insan ve kad\u0131n haklar\u0131n\u0131n g\u00f6z ard\u0131 edildi\u011fi ve protestolar\u0131n vah\u015fice ezildi\u011fi \u0130ran'daki kad\u0131nlar\u0131 desteklemek i\u00e7in Ye\u015filler, Federal Parti Kongresi'ne daha fazla ve somut yard\u0131m i\u00e7in bir karar a\u00e7\u0131klad\u0131.<\/p>\n\n\n\n<p>Reichstag binas\u0131na ek olarak, Main-Kinzig b\u00f6lgesinden Ye\u015filler grubu, Nazi rejiminin ve DAC yasad\u0131\u015f\u0131 devletinin deh\u015fetini anan bir dizi an\u0131t\u0131 ziyaret etti. Alman Direni\u015f An\u0131t\u0131'nda, \"Sessiz Kahramanlar\" adl\u0131 \u00f6zel sergi, zul\u00fcm g\u00f6ren Yahudilerin ve onlar\u0131n ka\u00e7\u0131\u015f i\u015f\u00e7ilerinin kaderlerine ve Nazilerin deh\u015fetinden ka\u00e7amayan herkese Avrupa'da \u00f6ld\u00fcr\u00fclen Yahudilerin an\u0131s\u0131na hareketli bir \u015fekilde dikkat \u00e7ekiyor. Anja Zeller, \"Bu yerler, bug\u00fcn bile anti-demokratik ve insan kar\u015f\u0131t\u0131 ak\u0131mlara kar\u015f\u0131 sa\u011flam durman\u0131n ne kadar \u00f6nemli oldu\u011funu hepimize g\u00f6steriyor\" diyor.<\/p>","protected":false},"excerpt":{"rendered":"<p>Gr\u00fcne Main-Kinzig, Federal Meclis \u00dcyesi Omid Nouripour, Federal Y\u00fcr\u00fctme Kurulu B\u00fcndnis 90 \/ Die Gr\u00fcnen'in daveti \u00fczerine Berlin'in h\u00fck\u00fcmet b\u00f6lgesinde kendilerini bilgilendirir. Nouripour ile toplant\u0131n\u0131n \u00f6n planda Ye\u015filler tutum oldu [...]<\/p>","protected":false},"author":-1,"featured_media":1388,"comment_status":"closed","ping_status":"open","sticky":false,"template":"","format":"standard","meta":{"footnotes":""},"categories":[1,4],"tags":[21,17,19,20,18],"class_list":["post-1387","post","type-post","status-publish","format-standard","has-post-thumbnail","hentry","category-allgemein","category-newsortsverbaende","tag-berlin","tag-biebergemuend","tag-hanau","tag-maintal","tag-unterwegs"],"_links":{"self":[{"href":"https:\/\/www.gruene-mkk.de\/tr\/wp-json\/wp\/v2\/posts\/1387","targetHints":{"allow":["GET"]}}],"collection":[{"href":"https:\/\/www.gruene-mkk.de\/tr\/wp-json\/wp\/v2\/posts"}],"about":[{"href":"https:\/\/www.gruene-mkk.de\/tr\/wp-json\/wp\/v2\/types\/post"}],"author":[{"embeddable":true,"href":"https:\/\/www.gruene-mkk.de\/tr\/wp-json\/wp\/v2\/users\/2"}],"replies":[{"embeddable":true,"href":"https:\/\/www.gruene-mkk.de\/tr\/wp-json\/wp\/v2\/comments?post=1387"}],"version-history":[{"count":1,"href":"https:\/\/www.gruene-mkk.de\/tr\/wp-json\/wp\/v2\/posts\/1387\/revisions"}],"predecessor-version":[{"id":1389,"href":"https:\/\/www.gruene-mkk.de\/tr\/wp-json\/wp\/v2\/posts\/1387\/revisions\/1389"}],"wp:featuredmedia":[{"embeddable":true,"href":"https:\/\/www.gruene-mkk.de\/tr\/wp-json\/wp\/v2\/media\/1388"}],"wp:attachment":[{"href":"https:\/\/www.gruene-mkk.de\/tr\/wp-json\/wp\/v2\/media?parent=1387"}],"wp:term":[{"taxonomy":"category","embeddable":true,"href":"https:\/\/www.gruene-mkk.de\/tr\/wp-json\/wp\/v2\/categories?post=1387"},{"taxonomy":"post_tag","embeddable":true,"href":"https:\/\/www.gruene-mkk.de\/tr\/wp-json\/wp\/v2\/tags?post=1387"}],"curies":[{"name":"wp","href":"https:\/\/api.w.org\/{rel}","templated":true}]}}