{"id":1383,"date":"2022-10-12T12:01:14","date_gmt":"2022-10-12T10:01:14","guid":{"rendered":"https:\/\/www.gruene-mkk.de\/?p=1383"},"modified":"2024-09-05T14:29:59","modified_gmt":"2024-09-05T12:29:59","slug":"gruene-bruchkoebel-begruessen-gutachten-zur-bahnverbindung","status":"publish","type":"post","link":"https:\/\/www.gruene-mkk.de\/tr\/gruene-bruchkoebel-begruessen-gutachten-zur-bahnverbindung\/","title":{"rendered":"<strong>Gr\u00fcne Bruchk\u00f6bel demiryolu ba\u011flant\u0131s\u0131 konusunda uzman g\u00f6r\u00fc\u015f\u00fcne ho\u015f geldiniz<\/strong>"},"content":{"rendered":"<p><strong>\u2047  Frankfurt'a iddia edilen  \u2047  ger\u00e7ek\u00e7i olmayan  \u2047  ba\u011flant\u0131n\u0131n anla\u015f\u0131lmamas\u0131<\/strong><\/p>\n\n\n\n<p>Bruchk\u00f6bel'deki Ye\u015filler, Hanau-Friedberg demiryolunda yerel ta\u015f\u0131mac\u0131l\u0131k i\u00e7in iyile\u015ftirme potansiyeli hakk\u0131ndaki raporu memnuniyetle kar\u015f\u0131l\u0131yor. B\u00fcndnis 90\/Die Gr\u00fcnen Grup Ba\u015fkan\u0131 Uwe Ringel, \"Bu nihayet demiryollar\u0131m\u0131z\u0131 yeniden g\u00fcndeme getiriyor\" dedi. Ringel'e g\u00f6re rapor, Bruchk\u00f6bel'e ve Bruchk\u00f6bel'den yerel ula\u015f\u0131m ba\u011flant\u0131s\u0131n\u0131n \u00e7ekicili\u011fini art\u0131rabilecek en \u00f6nemli noktalara \u0131\u015f\u0131k tutuyor: Daha yo\u011fun bir saat, ek duraklar ve \u015fu anda kullan\u0131lmayan Hanau Nord ba\u011flant\u0131s\u0131n\u0131n Fliegerhorst sanayi b\u00f6lgesine dahil edilmesi.<\/p>\n\n\n\n<p>Raporun neden Bruchk\u00f6bel'den Frankfurt'a do\u011frudan bir ba\u011flant\u0131y\u0131, zaten yo\u011fun olan rotalar nedeniyle ger\u00e7ek d\u0131\u015f\u0131 olarak tan\u0131mlad\u0131\u011f\u0131 Ye\u015filler i\u00e7in anla\u015f\u0131lamaz. Ringel'in \u015f\u00fcphelendi\u011fi gibi, uzman raporlar\u0131 muhtemelen RMV ve DB'nin ifadelerini \u00e7ok az sorgulad\u0131.<\/p>\n\n\n\n<ul class=\"wp-block-list\"><li>\u00d6zellikle yaz aylar\u0131nda, Frankfurt ve Bad Vilbel aras\u0131ndaki in\u015faat \u00e7al\u0131\u015fmalar\u0131 nedeniyle, Hessen'in merkezine giden \u00e7ok say\u0131da tren bir kez daha Frankfurt ve Hanau aras\u0131nda d\u00fczenli olarak i\u015fletildi. Bunun i\u00e7in yollar vard\u0131.<\/li><li>Bug\u00fcn\u00fcn tarifesinde, baz\u0131 trenler her yar\u0131m saatte bir Frankfurt'a gidip geliyor, bu da Hanau'da bitiyor ve ba\u015fl\u0131yor  \u2047  kullan\u0131labilir rotalar da var. Operat\u00f6r, Aral\u0131k ay\u0131ndan itibaren Bruchk\u00f6beler hatt\u0131na da hizmet verecek olan Hessische Landesbahn'd\u0131r. Ye\u015filler kendilerine soruyorlar, neden RMV bu trenleri Friedberg'e gidip gelmiyor?<\/li><li>Raporda ayr\u0131ca kuzey-anakara S-Bahn'\u0131n in\u015fas\u0131na da at\u0131fta bulunuluyor. Sonu\u00e7 olarak, Hanau'dan Frankfurt Do\u011fu'ya giden hat d\u00f6rt hat \u00fczerinde geni\u015fletilecek, b\u00f6lgesel trenlerin yerini S-Bahn trenleri alacak ve b\u00f6ylece rotalar serbest b\u0131rak\u0131lacak.<\/li><\/ul>\n\n\n\n<p>Ye\u015filler, uzmanlar\u0131n gelecekteki kuzey anakara S-Bahn'\u0131 Hanau'dan Bruchk\u00f6bel \u00fczerinden Nidderau'ya kadar b\u00fcy\u00fcleyici bir \u015fekilde s\u00fcrd\u00fcrme \u00f6nerisini buluyorlar. \u2047 Birden fazla ger\u00e7ek\u00e7i \u00e7\u00f6z\u00fcm var \u2047 , diyor Uwe Ringel. \u2047 Sadece istemek zorundas\u0131n! \u2047 .<\/p>\n\n\n\n<p>Ye\u015filler i\u00e7in bu raporun \u00e7ekmecelerde kaybolmamas\u0131, aktif olarak ele al\u0131nmas\u0131 \u00f6nemlidir. \u2047  Kal\u0131c\u0131 bask\u0131 olmadan, hi\u00e7bir \u015fey elde edemeyiz  \u2047 .<\/p>\n\n\n\n<p>Hanau, Bruchk\u00f6bel, Erlensee ve Nidderau \u015fehirleri, Main-Kinzig kav\u015fa\u011f\u0131 (KVG) ile birlikte ve Hanau-Gelnhausen-Schl\u00fcchtern Ticaret ve Sanayi Odas\u0131'n\u0131n (IHK) himayesinde, Hanau-Friedberg demiryolunda yerel ta\u015f\u0131mac\u0131l\u0131kta iyile\u015ftirmelerin yap\u0131l\u0131p yap\u0131lamayaca\u011f\u0131n\u0131 incelemek i\u00e7in Koblenzer BPV Consult GmbH'yi uzman raporuyla g\u00f6revlendirdi.<\/p>\n\n\n\n<p>\u0130leti\u015fim tu\u015funa bas\u0131n:<\/p>\n\n\n\n<p>Klaus Linek<\/p>\n\n\n\n<p>Telefon numaras\u0131 ve telefon numaras\u0131: 06181 57 82 006<\/p>\n\n\n\n<p>Mobil cihazlar i\u00e7in: 0151 2077 0075<\/p>","protected":false},"excerpt":{"rendered":"<p>Bruchk\u00f6bel'deki Ye\u015filler, Hanau-Friedberg demiryolunda yerel ula\u015f\u0131m i\u00e7in iyile\u015ftirme potansiyeli hakk\u0131ndaki g\u00f6r\u00fc\u015f\u00fc memnuniyetle kar\u015f\u0131lamaktad\u0131r. Bununla birlikte, demiryolumuz nihayet hareket ediyor [...]<\/p>","protected":false},"author":-1,"featured_media":0,"comment_status":"closed","ping_status":"open","sticky":false,"template":"","format":"standard","meta":{"footnotes":""},"categories":[4],"tags":[14,16,15],"class_list":["post-1383","post","type-post","status-publish","format-standard","hentry","category-newsortsverbaende","tag-bahn","tag-laendlicher-raum","tag-oepnv"],"_links":{"self":[{"href":"https:\/\/www.gruene-mkk.de\/tr\/wp-json\/wp\/v2\/posts\/1383","targetHints":{"allow":["GET"]}}],"collection":[{"href":"https:\/\/www.gruene-mkk.de\/tr\/wp-json\/wp\/v2\/posts"}],"about":[{"href":"https:\/\/www.gruene-mkk.de\/tr\/wp-json\/wp\/v2\/types\/post"}],"author":[{"embeddable":true,"href":"https:\/\/www.gruene-mkk.de\/tr\/wp-json\/wp\/v2\/users\/2"}],"replies":[{"embeddable":true,"href":"https:\/\/www.gruene-mkk.de\/tr\/wp-json\/wp\/v2\/comments?post=1383"}],"version-history":[{"count":1,"href":"https:\/\/www.gruene-mkk.de\/tr\/wp-json\/wp\/v2\/posts\/1383\/revisions"}],"predecessor-version":[{"id":1385,"href":"https:\/\/www.gruene-mkk.de\/tr\/wp-json\/wp\/v2\/posts\/1383\/revisions\/1385"}],"wp:attachment":[{"href":"https:\/\/www.gruene-mkk.de\/tr\/wp-json\/wp\/v2\/media?parent=1383"}],"wp:term":[{"taxonomy":"category","embeddable":true,"href":"https:\/\/www.gruene-mkk.de\/tr\/wp-json\/wp\/v2\/categories?post=1383"},{"taxonomy":"post_tag","embeddable":true,"href":"https:\/\/www.gruene-mkk.de\/tr\/wp-json\/wp\/v2\/tags?post=1383"}],"curies":[{"name":"wp","href":"https:\/\/api.w.org\/{rel}","templated":true}]}}