{"id":130,"date":"2021-08-18T13:39:00","date_gmt":"2021-08-18T11:39:00","guid":{"rendered":"https:\/\/www.alles-bleibt-anders.org\/?p=130"},"modified":"2021-11-10T17:28:23","modified_gmt":"2021-11-10T16:28:23","slug":"130-2","status":"publish","type":"post","link":"https:\/\/www.gruene-mkk.de\/tr\/130-2\/","title":{"rendered":"Robert Habeck Hanau'da"},"content":{"rendered":"<p>Hanau'daki Ye\u015filler'in se\u00e7im kampanyas\u0131 etkinli\u011finde konuk olarak en iyi aday<\/p>\n\n\n\n<!--more-->\n\n\n\n<p>Ye\u015filler Partisi'nin 2021 federal se\u00e7imleri i\u00e7in ba\u015f aday\u0131, yakla\u015f\u0131k 400 izleyicinin \u00f6n\u00fcnde 26 Eyl\u00fcl'de heyecan verici bir konu\u015fma yapt\u0131. Main-Kinzig b\u00f6lgesi Marcus Bocklet ve Knut Kiesel i\u00e7in iki aday\u0131m\u0131z da misafirdi.<\/p>\n\n\n\n<p>\u0130\u015fte etkinli\u011fin bas\u0131n b\u00fcltenleri:<\/p>\n\n\n\n<p>Hanauer Anzeiger \u015f\u00f6yle diyor:&nbsp;<a href=\"https:\/\/gruenlink.de\/297s\">https:\/\/gruenlink.de\/297s<\/a><\/p>\n\n\n\n<p>Vorsprung Online'da Video:&nbsp;<a href=\"https:\/\/gruenlink.de\/297r\">https:\/\/gruenlink.de\/297r<\/a><\/p>\n\n\n\n<p>T\u00fcm yard\u0131mc\u0131lara, yard\u0131mc\u0131lara ve orada bulunan herkese \u00e7ok te\u015fekk\u00fcr ederim!<\/p>\n\n\n\n<figure class=\"wp-block-gallery columns-3 is-cropped wp-block-gallery-1 is-layout-flex wp-block-gallery-is-layout-flex\"><ul class=\"blocks-gallery-grid\"><li class=\"blocks-gallery-item\"><figure><img loading=\"lazy\" decoding=\"async\" width=\"800\" height=\"600\" src=\"http:\/\/www.alles-bleibt-anders.org\/wp-content\/uploads\/2021\/11\/2021-08-18-17-42-28-0-800x600.png\" alt=\"\" data-id=\"131\" data-full-url=\"http:\/\/www.alles-bleibt-anders.org\/wp-content\/uploads\/2021\/11\/2021-08-18-17-42-28-0.png\" data-link=\"https:\/\/www.alles-bleibt-anders.org\/?attachment_id=131\" class=\"wp-image-131\" srcset=\"https:\/\/www.gruene-mkk.de\/wp-content\/uploads\/2021\/11\/2021-08-18-17-42-28-0-800x600.png 800w, https:\/\/www.gruene-mkk.de\/wp-content\/uploads\/2021\/11\/2021-08-18-17-42-28-0-400x300.png 400w, https:\/\/www.gruene-mkk.de\/wp-content\/uploads\/2021\/11\/2021-08-18-17-42-28-0-768x576.png 768w, https:\/\/www.gruene-mkk.de\/wp-content\/uploads\/2021\/11\/2021-08-18-17-42-28-0-1536x1152.png 1536w, https:\/\/www.gruene-mkk.de\/wp-content\/uploads\/2021\/11\/2021-08-18-17-42-28-0-150x113.png 150w, https:\/\/www.gruene-mkk.de\/wp-content\/uploads\/2021\/11\/2021-08-18-17-42-28-0.png 2048w\" sizes=\"auto, (max-width: 800px) 100vw, 800px\" \/><\/figure><\/li><li class=\"blocks-gallery-item\"><figure><img loading=\"lazy\" decoding=\"async\" width=\"640\" height=\"427\" src=\"http:\/\/www.alles-bleibt-anders.org\/wp-content\/uploads\/2021\/11\/20210818_Robert_1.jpg\" alt=\"\" data-id=\"139\" data-full-url=\"http:\/\/www.alles-bleibt-anders.org\/wp-content\/uploads\/2021\/11\/20210818_Robert_1.jpg\" data-link=\"https:\/\/www.alles-bleibt-anders.org\/?attachment_id=139\" class=\"wp-image-139\" srcset=\"https:\/\/www.gruene-mkk.de\/wp-content\/uploads\/2021\/11\/20210818_Robert_1.jpg 640w, https:\/\/www.gruene-mkk.de\/wp-content\/uploads\/2021\/11\/20210818_Robert_1-400x267.jpg 400w, https:\/\/www.gruene-mkk.de\/wp-content\/uploads\/2021\/11\/20210818_Robert_1-150x100.jpg 150w\" sizes=\"auto, (max-width: 640px) 100vw, 640px\" \/><\/figure><\/li><li class=\"blocks-gallery-item\"><figure><img loading=\"lazy\" decoding=\"async\" width=\"640\" height=\"549\" src=\"http:\/\/www.alles-bleibt-anders.org\/wp-content\/uploads\/2021\/11\/20210818_Robert_02.jpg\" alt=\"\" data-id=\"140\" data-full-url=\"http:\/\/www.alles-bleibt-anders.org\/wp-content\/uploads\/2021\/11\/20210818_Robert_02.jpg\" data-link=\"https:\/\/www.alles-bleibt-anders.org\/?attachment_id=140\" class=\"wp-image-140\" srcset=\"https:\/\/www.gruene-mkk.de\/wp-content\/uploads\/2021\/11\/20210818_Robert_02.jpg 640w, https:\/\/www.gruene-mkk.de\/wp-content\/uploads\/2021\/11\/20210818_Robert_02-400x343.jpg 400w, https:\/\/www.gruene-mkk.de\/wp-content\/uploads\/2021\/11\/20210818_Robert_02-150x129.jpg 150w\" sizes=\"auto, (max-width: 640px) 100vw, 640px\" \/><\/figure><\/li><li class=\"blocks-gallery-item\"><figure><img loading=\"lazy\" decoding=\"async\" width=\"800\" height=\"1067\" src=\"http:\/\/www.alles-bleibt-anders.org\/wp-content\/uploads\/2021\/11\/2021-08-18-17-41-40-0-800x1067.png\" alt=\"\" data-id=\"141\" data-full-url=\"http:\/\/www.alles-bleibt-anders.org\/wp-content\/uploads\/2021\/11\/2021-08-18-17-41-40-0.png\" data-link=\"https:\/\/www.alles-bleibt-anders.org\/?attachment_id=141\" class=\"wp-image-141\" srcset=\"https:\/\/www.gruene-mkk.de\/wp-content\/uploads\/2021\/11\/2021-08-18-17-41-40-0-800x1067.png 800w, https:\/\/www.gruene-mkk.de\/wp-content\/uploads\/2021\/11\/2021-08-18-17-41-40-0-400x533.png 400w, https:\/\/www.gruene-mkk.de\/wp-content\/uploads\/2021\/11\/2021-08-18-17-41-40-0-768x1024.png 768w, https:\/\/www.gruene-mkk.de\/wp-content\/uploads\/2021\/11\/2021-08-18-17-41-40-0-1152x1536.png 1152w, https:\/\/www.gruene-mkk.de\/wp-content\/uploads\/2021\/11\/2021-08-18-17-41-40-0-113x150.png 113w, https:\/\/www.gruene-mkk.de\/wp-content\/uploads\/2021\/11\/2021-08-18-17-41-40-0.png 1536w\" sizes=\"auto, (max-width: 800px) 100vw, 800px\" \/><\/figure><\/li><\/ul><\/figure>","protected":false},"excerpt":{"rendered":"<p>Hanau'daki Ye\u015filler'in se\u00e7im kampanyas\u0131 etkinli\u011finde konuk olarak en iyi aday<\/p>","protected":false},"author":-1,"featured_media":131,"comment_status":"open","ping_status":"open","sticky":false,"template":"","format":"standard","meta":{"footnotes":""},"categories":[3],"tags":[],"class_list":["post-130","post","type-post","status-publish","format-standard","has-post-thumbnail","hentry","category-newswahlen"],"_links":{"self":[{"href":"https:\/\/www.gruene-mkk.de\/tr\/wp-json\/wp\/v2\/posts\/130","targetHints":{"allow":["GET"]}}],"collection":[{"href":"https:\/\/www.gruene-mkk.de\/tr\/wp-json\/wp\/v2\/posts"}],"about":[{"href":"https:\/\/www.gruene-mkk.de\/tr\/wp-json\/wp\/v2\/types\/post"}],"author":[{"embeddable":true,"href":"https:\/\/www.gruene-mkk.de\/tr\/wp-json\/wp\/v2\/users\/2"}],"replies":[{"embeddable":true,"href":"https:\/\/www.gruene-mkk.de\/tr\/wp-json\/wp\/v2\/comments?post=130"}],"version-history":[{"count":3,"href":"https:\/\/www.gruene-mkk.de\/tr\/wp-json\/wp\/v2\/posts\/130\/revisions"}],"predecessor-version":[{"id":144,"href":"https:\/\/www.gruene-mkk.de\/tr\/wp-json\/wp\/v2\/posts\/130\/revisions\/144"}],"wp:featuredmedia":[{"embeddable":true,"href":"https:\/\/www.gruene-mkk.de\/tr\/wp-json\/wp\/v2\/media\/131"}],"wp:attachment":[{"href":"https:\/\/www.gruene-mkk.de\/tr\/wp-json\/wp\/v2\/media?parent=130"}],"wp:term":[{"taxonomy":"category","embeddable":true,"href":"https:\/\/www.gruene-mkk.de\/tr\/wp-json\/wp\/v2\/categories?post=130"},{"taxonomy":"post_tag","embeddable":true,"href":"https:\/\/www.gruene-mkk.de\/tr\/wp-json\/wp\/v2\/tags?post=130"}],"curies":[{"name":"wp","href":"https:\/\/api.w.org\/{rel}","templated":true}]}}