{"id":1263,"date":"2022-05-26T12:45:00","date_gmt":"2022-05-26T10:45:00","guid":{"rendered":"https:\/\/www.gruene-mkk.de\/?p=1263"},"modified":"2022-07-25T13:54:10","modified_gmt":"2022-07-25T11:54:10","slug":"gruene-frauenpower-im-main-kinzig-kreis","status":"publish","type":"post","link":"https:\/\/www.gruene-mkk.de\/tr\/gruene-frauenpower-im-main-kinzig-kreis\/","title":{"rendered":"Main-Kinzig b\u00f6lgesinde ye\u015fil kad\u0131n g\u00fcc\u00fc"},"content":{"rendered":"<p>D\u00fcn biz Ye\u015fil Kad\u0131nlar uzun zamand\u0131r ilk kez Caf\u00e9haus Freigericht'te tekrar bulu\u015ftuk.<\/p>\n\n\n\n<p>K\u00fc\u00e7\u00fck bir grupta olmas\u0131na ra\u011fmen, b\u00fcy\u00fck kad\u0131nlarla ve istihdam ve yerel politikadaki kad\u0131nlar hakk\u0131nda te\u015fvik edici konu\u015fmalarla.<\/p>\n\n\n\n<p>Bir sonraki toplant\u0131y\u0131 d\u00f6rt g\u00f6zle bekliyoruz! Bir randevu takip edecek!<\/p>","protected":false},"excerpt":{"rendered":"<p>D\u00fcn biz Ye\u015fil Kad\u0131nlar uzun zamand\u0131r ilk kez Caf\u00e9haus Freigericht'te tekrar bulu\u015ftuk. K\u00fc\u00e7\u00fck bir grupta olmas\u0131na ra\u011fmen, b\u00fcy\u00fck kad\u0131nlarla ve te\u015fvik edici [...]<\/p>","protected":false},"author":-1,"featured_media":1264,"comment_status":"open","ping_status":"open","sticky":false,"template":"","format":"standard","meta":{"footnotes":""},"categories":[1],"tags":[],"class_list":["post-1263","post","type-post","status-publish","format-standard","has-post-thumbnail","hentry","category-allgemein"],"_links":{"self":[{"href":"https:\/\/www.gruene-mkk.de\/tr\/wp-json\/wp\/v2\/posts\/1263","targetHints":{"allow":["GET"]}}],"collection":[{"href":"https:\/\/www.gruene-mkk.de\/tr\/wp-json\/wp\/v2\/posts"}],"about":[{"href":"https:\/\/www.gruene-mkk.de\/tr\/wp-json\/wp\/v2\/types\/post"}],"author":[{"embeddable":true,"href":"https:\/\/www.gruene-mkk.de\/tr\/wp-json\/wp\/v2\/users\/2"}],"replies":[{"embeddable":true,"href":"https:\/\/www.gruene-mkk.de\/tr\/wp-json\/wp\/v2\/comments?post=1263"}],"version-history":[{"count":1,"href":"https:\/\/www.gruene-mkk.de\/tr\/wp-json\/wp\/v2\/posts\/1263\/revisions"}],"predecessor-version":[{"id":1265,"href":"https:\/\/www.gruene-mkk.de\/tr\/wp-json\/wp\/v2\/posts\/1263\/revisions\/1265"}],"wp:featuredmedia":[{"embeddable":true,"href":"https:\/\/www.gruene-mkk.de\/tr\/wp-json\/wp\/v2\/media\/1264"}],"wp:attachment":[{"href":"https:\/\/www.gruene-mkk.de\/tr\/wp-json\/wp\/v2\/media?parent=1263"}],"wp:term":[{"taxonomy":"category","embeddable":true,"href":"https:\/\/www.gruene-mkk.de\/tr\/wp-json\/wp\/v2\/categories?post=1263"},{"taxonomy":"post_tag","embeddable":true,"href":"https:\/\/www.gruene-mkk.de\/tr\/wp-json\/wp\/v2\/tags?post=1263"}],"curies":[{"name":"wp","href":"https:\/\/api.w.org\/{rel}","templated":true}]}}