{"id":1229,"date":"2022-07-11T19:41:46","date_gmt":"2022-07-11T17:41:46","guid":{"rendered":"https:\/\/www.gruene-mkk.de\/?p=1229"},"modified":"2022-07-11T19:51:35","modified_gmt":"2022-07-11T17:51:35","slug":"wir-haben-lust-auf-wahlkampf","status":"publish","type":"post","link":"https:\/\/www.gruene-mkk.de\/tr\/wir-haben-lust-auf-wahlkampf\/","title":{"rendered":"Kampanya yapmak istiyoruz!"},"content":{"rendered":"<p>8 Temmuz'da devlet se\u00e7im kampanyas\u0131na ili\u015fkin bilgilendirme etkinli\u011fimiz Bad Orb'da ger\u00e7ekle\u015fti. Etkinli\u011fe yakla\u015f\u0131k 30 \u00fcye ve konuk geldi ve Bad Orber Kurpark'taki okuma salonunda g\u00fczel bir zemine kar\u015f\u0131 devlet se\u00e7im kampanyas\u0131na kat\u0131ld\u0131lar. <\/p>\n\n\n\n<p>Etkinli\u011fin merkezinde, eyalet parlamentosu \u00fcyesi Kathrin Anders ve son se\u00e7im kampanyas\u0131nda Main-Kinzig-Kreis adaylar\u0131 Birol Avc\u0131, Cornelia Hofacker ve G\u00fcnther Koch ile bir tart\u0131\u015fma yap\u0131ld\u0131. \u0130l\u00e7e y\u00f6netim kurulu s\u00f6zc\u00fcs\u00fc Ahmet \u00c7etiner, g\u00f6r\u00fc\u015fmeye \u00f6nc\u00fcl\u00fck etti ve eski adaylarla birlikte, karardan adayl\u0131\u011fa, listeden se\u00e7im g\u00fcn\u00fcne kadar olan yolu izledi.<\/p>\n\n\n\n<p>Deneyimlerine g\u00f6re, yakla\u015fmakta olan eyalet se\u00e7im kampanyas\u0131 i\u00e7in bir\u00e7ok g\u00f6rev de t\u00fcretilebilir. Bu y\u00fczden de\u011fi\u015fim i\u00e7in bolca alana sahip bu harika ak\u015fam sadece bir ba\u015flang\u0131\u00e7t\u0131!<\/p>\n\n\n\n<p>Ve \u015fimdi \u015f\u00f6yle devam ediyor:<\/p>\n\n\n\n<p>On<strong> 20 temmuz<\/strong> Adayl\u0131k veya yedek adayl\u0131kla ilgilenen herkesi b\u00f6lge kuruluyla g\u00f6r\u00fc\u015fmeye davet ediyoruz. Hala bir adayl\u0131kla ilgileniyorsan\u0131z, \u015fu adrese bir e-posta g\u00f6nderebilirsiniz: <a href=\"#\" data-unscramble=\"ed.kkm-eneurg@vk\">kv@gruene-mkk.de<\/a> Rapor ver. - Tamam.<\/p>\n\n\n\n<p>On <strong>24 eyl\u00fcl<\/strong> Do\u011frudan adaylar\u0131m\u0131z\u0131n se\u00e7imi ger\u00e7ekle\u015fir. Daha fazla bilgi yak\u0131nda takip edecek.<\/p>\n\n\n\n<p>Ve sonbaharda, kampanya yard\u0131mc\u0131lar\u0131 i\u00e7in daha fazla etkinlik takip edilecek. Burada da samimiyetle davetlisiniz. <strong>Se\u00e7im kampanyas\u0131 ekibi <\/strong>Bildirilmek \u00fczere <a href=\"#\" data-unscramble=\"ed.kkm-eneurg@vk\">(kv@gruene-mkk.de<\/a>)!<\/p>\n\n\n\n<p>2023 se\u00e7im kampanyas\u0131n\u0131 hepinizle birlikte sab\u0131rs\u0131zl\u0131kla bekliyoruz!<\/p>\n\n\n\n<figure class=\"wp-block-gallery has-nested-images columns-2 is-cropped wp-block-gallery-1 is-layout-flex wp-block-gallery-is-layout-flex\">\n<figure class=\"wp-block-image size-large\"><a href=\"https:\/\/www.gruene-mkk.de\/wp-content\/uploads\/2022\/07\/P1120106-scaled.jpg\"><img loading=\"lazy\" decoding=\"async\" width=\"2560\" height=\"1708\" data-id=\"1244\" src=\"http:\/\/www.gruene-mkk.de\/wp-content\/uploads\/2022\/07\/P1120106-scaled.jpg\" alt=\"\" class=\"wp-image-1244\" srcset=\"https:\/\/www.gruene-mkk.de\/wp-content\/uploads\/2022\/07\/P1120106-scaled.jpg 2560w, https:\/\/www.gruene-mkk.de\/wp-content\/uploads\/2022\/07\/P1120106-400x267.jpg 400w, https:\/\/www.gruene-mkk.de\/wp-content\/uploads\/2022\/07\/P1120106-800x534.jpg 800w, https:\/\/www.gruene-mkk.de\/wp-content\/uploads\/2022\/07\/P1120106-768x512.jpg 768w, https:\/\/www.gruene-mkk.de\/wp-content\/uploads\/2022\/07\/P1120106-1536x1025.jpg 1536w, https:\/\/www.gruene-mkk.de\/wp-content\/uploads\/2022\/07\/P1120106-2048x1367.jpg 2048w\" sizes=\"auto, (max-width: 2560px) 100vw, 2560px\" \/><\/a><\/figure>\n\n\n\n<figure class=\"wp-block-image size-large\"><a href=\"https:\/\/www.gruene-mkk.de\/wp-content\/uploads\/2022\/07\/P1120017-scaled.jpg\"><img loading=\"lazy\" decoding=\"async\" width=\"2560\" height=\"1708\" data-id=\"1230\" src=\"http:\/\/www.gruene-mkk.de\/wp-content\/uploads\/2022\/07\/P1120017-scaled.jpg\" alt=\"\" class=\"wp-image-1230\" srcset=\"https:\/\/www.gruene-mkk.de\/wp-content\/uploads\/2022\/07\/P1120017-scaled.jpg 2560w, https:\/\/www.gruene-mkk.de\/wp-content\/uploads\/2022\/07\/P1120017-400x267.jpg 400w, https:\/\/www.gruene-mkk.de\/wp-content\/uploads\/2022\/07\/P1120017-800x534.jpg 800w, https:\/\/www.gruene-mkk.de\/wp-content\/uploads\/2022\/07\/P1120017-768x512.jpg 768w, https:\/\/www.gruene-mkk.de\/wp-content\/uploads\/2022\/07\/P1120017-1536x1025.jpg 1536w, https:\/\/www.gruene-mkk.de\/wp-content\/uploads\/2022\/07\/P1120017-2048x1367.jpg 2048w\" sizes=\"auto, (max-width: 2560px) 100vw, 2560px\" \/><\/a><\/figure>\n\n\n\n<figure class=\"wp-block-image size-large\"><a href=\"https:\/\/www.gruene-mkk.de\/wp-content\/uploads\/2022\/07\/P1120036-scaled.jpg\"><img loading=\"lazy\" decoding=\"async\" width=\"2560\" height=\"1708\" data-id=\"1232\" src=\"http:\/\/www.gruene-mkk.de\/wp-content\/uploads\/2022\/07\/P1120036-scaled.jpg\" alt=\"\" class=\"wp-image-1232\" srcset=\"https:\/\/www.gruene-mkk.de\/wp-content\/uploads\/2022\/07\/P1120036-scaled.jpg 2560w, https:\/\/www.gruene-mkk.de\/wp-content\/uploads\/2022\/07\/P1120036-400x267.jpg 400w, https:\/\/www.gruene-mkk.de\/wp-content\/uploads\/2022\/07\/P1120036-800x534.jpg 800w, https:\/\/www.gruene-mkk.de\/wp-content\/uploads\/2022\/07\/P1120036-768x512.jpg 768w, https:\/\/www.gruene-mkk.de\/wp-content\/uploads\/2022\/07\/P1120036-1536x1025.jpg 1536w, https:\/\/www.gruene-mkk.de\/wp-content\/uploads\/2022\/07\/P1120036-2048x1367.jpg 2048w\" sizes=\"auto, (max-width: 2560px) 100vw, 2560px\" \/><\/a><\/figure>\n\n\n\n<figure class=\"wp-block-image size-large\"><a href=\"https:\/\/www.gruene-mkk.de\/wp-content\/uploads\/2022\/07\/P1120041-scaled.jpg\"><img loading=\"lazy\" decoding=\"async\" width=\"2560\" height=\"1708\" data-id=\"1233\" src=\"http:\/\/www.gruene-mkk.de\/wp-content\/uploads\/2022\/07\/P1120041-scaled.jpg\" alt=\"\" class=\"wp-image-1233\" srcset=\"https:\/\/www.gruene-mkk.de\/wp-content\/uploads\/2022\/07\/P1120041-scaled.jpg 2560w, https:\/\/www.gruene-mkk.de\/wp-content\/uploads\/2022\/07\/P1120041-400x267.jpg 400w, https:\/\/www.gruene-mkk.de\/wp-content\/uploads\/2022\/07\/P1120041-800x534.jpg 800w, https:\/\/www.gruene-mkk.de\/wp-content\/uploads\/2022\/07\/P1120041-768x512.jpg 768w, https:\/\/www.gruene-mkk.de\/wp-content\/uploads\/2022\/07\/P1120041-1536x1025.jpg 1536w, https:\/\/www.gruene-mkk.de\/wp-content\/uploads\/2022\/07\/P1120041-2048x1367.jpg 2048w\" sizes=\"auto, (max-width: 2560px) 100vw, 2560px\" \/><\/a><\/figure>\n\n\n\n<figure class=\"wp-block-image size-large\"><a href=\"https:\/\/www.gruene-mkk.de\/wp-content\/uploads\/2022\/07\/P1120051-scaled.jpg\"><img loading=\"lazy\" decoding=\"async\" width=\"2560\" height=\"1708\" data-id=\"1234\" src=\"http:\/\/www.gruene-mkk.de\/wp-content\/uploads\/2022\/07\/P1120051-scaled.jpg\" alt=\"\" class=\"wp-image-1234\" srcset=\"https:\/\/www.gruene-mkk.de\/wp-content\/uploads\/2022\/07\/P1120051-scaled.jpg 2560w, https:\/\/www.gruene-mkk.de\/wp-content\/uploads\/2022\/07\/P1120051-400x267.jpg 400w, https:\/\/www.gruene-mkk.de\/wp-content\/uploads\/2022\/07\/P1120051-800x534.jpg 800w, https:\/\/www.gruene-mkk.de\/wp-content\/uploads\/2022\/07\/P1120051-768x512.jpg 768w, https:\/\/www.gruene-mkk.de\/wp-content\/uploads\/2022\/07\/P1120051-1536x1025.jpg 1536w, https:\/\/www.gruene-mkk.de\/wp-content\/uploads\/2022\/07\/P1120051-2048x1367.jpg 2048w\" sizes=\"auto, (max-width: 2560px) 100vw, 2560px\" \/><\/a><\/figure>\n\n\n\n<figure class=\"wp-block-image size-large\"><a href=\"https:\/\/www.gruene-mkk.de\/wp-content\/uploads\/2022\/07\/P1120062-scaled.jpg\"><img loading=\"lazy\" decoding=\"async\" width=\"2560\" height=\"1708\" data-id=\"1238\" src=\"http:\/\/www.gruene-mkk.de\/wp-content\/uploads\/2022\/07\/P1120062-scaled.jpg\" alt=\"\" class=\"wp-image-1238\" srcset=\"https:\/\/www.gruene-mkk.de\/wp-content\/uploads\/2022\/07\/P1120062-scaled.jpg 2560w, https:\/\/www.gruene-mkk.de\/wp-content\/uploads\/2022\/07\/P1120062-400x267.jpg 400w, https:\/\/www.gruene-mkk.de\/wp-content\/uploads\/2022\/07\/P1120062-800x534.jpg 800w, https:\/\/www.gruene-mkk.de\/wp-content\/uploads\/2022\/07\/P1120062-768x512.jpg 768w, https:\/\/www.gruene-mkk.de\/wp-content\/uploads\/2022\/07\/P1120062-1536x1025.jpg 1536w, https:\/\/www.gruene-mkk.de\/wp-content\/uploads\/2022\/07\/P1120062-2048x1367.jpg 2048w\" sizes=\"auto, (max-width: 2560px) 100vw, 2560px\" \/><\/a><\/figure>\n\n\n\n<figure class=\"wp-block-image size-large\"><a href=\"https:\/\/www.gruene-mkk.de\/wp-content\/uploads\/2022\/07\/P1120089-scaled.jpg\"><img loading=\"lazy\" decoding=\"async\" width=\"2560\" height=\"1708\" data-id=\"1240\" src=\"http:\/\/www.gruene-mkk.de\/wp-content\/uploads\/2022\/07\/P1120089-scaled.jpg\" alt=\"\" class=\"wp-image-1240\" srcset=\"https:\/\/www.gruene-mkk.de\/wp-content\/uploads\/2022\/07\/P1120089-scaled.jpg 2560w, https:\/\/www.gruene-mkk.de\/wp-content\/uploads\/2022\/07\/P1120089-400x267.jpg 400w, https:\/\/www.gruene-mkk.de\/wp-content\/uploads\/2022\/07\/P1120089-800x534.jpg 800w, https:\/\/www.gruene-mkk.de\/wp-content\/uploads\/2022\/07\/P1120089-768x512.jpg 768w, https:\/\/www.gruene-mkk.de\/wp-content\/uploads\/2022\/07\/P1120089-1536x1025.jpg 1536w, https:\/\/www.gruene-mkk.de\/wp-content\/uploads\/2022\/07\/P1120089-2048x1367.jpg 2048w\" sizes=\"auto, (max-width: 2560px) 100vw, 2560px\" \/><\/a><\/figure>\n\n\n\n<figure class=\"wp-block-image size-large\"><a href=\"https:\/\/www.gruene-mkk.de\/wp-content\/uploads\/2022\/07\/P1120056-scaled.jpg\"><img loading=\"lazy\" decoding=\"async\" width=\"2560\" height=\"1708\" data-id=\"1236\" src=\"http:\/\/www.gruene-mkk.de\/wp-content\/uploads\/2022\/07\/P1120056-scaled.jpg\" alt=\"\" class=\"wp-image-1236\" srcset=\"https:\/\/www.gruene-mkk.de\/wp-content\/uploads\/2022\/07\/P1120056-scaled.jpg 2560w, https:\/\/www.gruene-mkk.de\/wp-content\/uploads\/2022\/07\/P1120056-400x267.jpg 400w, https:\/\/www.gruene-mkk.de\/wp-content\/uploads\/2022\/07\/P1120056-800x534.jpg 800w, https:\/\/www.gruene-mkk.de\/wp-content\/uploads\/2022\/07\/P1120056-768x512.jpg 768w, https:\/\/www.gruene-mkk.de\/wp-content\/uploads\/2022\/07\/P1120056-1536x1025.jpg 1536w, https:\/\/www.gruene-mkk.de\/wp-content\/uploads\/2022\/07\/P1120056-2048x1367.jpg 2048w\" sizes=\"auto, (max-width: 2560px) 100vw, 2560px\" \/><\/a><\/figure>\n\n\n\n<figure class=\"wp-block-image size-large\"><a href=\"https:\/\/www.gruene-mkk.de\/wp-content\/uploads\/2022\/07\/P1120091-scaled.jpg\"><img loading=\"lazy\" decoding=\"async\" width=\"2560\" height=\"1708\" data-id=\"1241\" src=\"http:\/\/www.gruene-mkk.de\/wp-content\/uploads\/2022\/07\/P1120091-scaled.jpg\" alt=\"\" class=\"wp-image-1241\" srcset=\"https:\/\/www.gruene-mkk.de\/wp-content\/uploads\/2022\/07\/P1120091-scaled.jpg 2560w, https:\/\/www.gruene-mkk.de\/wp-content\/uploads\/2022\/07\/P1120091-400x267.jpg 400w, https:\/\/www.gruene-mkk.de\/wp-content\/uploads\/2022\/07\/P1120091-800x534.jpg 800w, https:\/\/www.gruene-mkk.de\/wp-content\/uploads\/2022\/07\/P1120091-768x512.jpg 768w, https:\/\/www.gruene-mkk.de\/wp-content\/uploads\/2022\/07\/P1120091-1536x1025.jpg 1536w, https:\/\/www.gruene-mkk.de\/wp-content\/uploads\/2022\/07\/P1120091-2048x1367.jpg 2048w\" sizes=\"auto, (max-width: 2560px) 100vw, 2560px\" \/><\/a><\/figure>\n\n\n\n<figure class=\"wp-block-image size-large\"><a href=\"https:\/\/www.gruene-mkk.de\/wp-content\/uploads\/2022\/07\/P1120059-scaled.jpg\"><img loading=\"lazy\" decoding=\"async\" width=\"2560\" height=\"1708\" data-id=\"1237\" src=\"http:\/\/www.gruene-mkk.de\/wp-content\/uploads\/2022\/07\/P1120059-scaled.jpg\" alt=\"\" class=\"wp-image-1237\" srcset=\"https:\/\/www.gruene-mkk.de\/wp-content\/uploads\/2022\/07\/P1120059-scaled.jpg 2560w, https:\/\/www.gruene-mkk.de\/wp-content\/uploads\/2022\/07\/P1120059-400x267.jpg 400w, https:\/\/www.gruene-mkk.de\/wp-content\/uploads\/2022\/07\/P1120059-800x534.jpg 800w, https:\/\/www.gruene-mkk.de\/wp-content\/uploads\/2022\/07\/P1120059-768x512.jpg 768w, https:\/\/www.gruene-mkk.de\/wp-content\/uploads\/2022\/07\/P1120059-1536x1025.jpg 1536w, https:\/\/www.gruene-mkk.de\/wp-content\/uploads\/2022\/07\/P1120059-2048x1367.jpg 2048w\" sizes=\"auto, (max-width: 2560px) 100vw, 2560px\" \/><\/a><\/figure>\n\n\n\n<figure class=\"wp-block-image size-large\"><a href=\"https:\/\/www.gruene-mkk.de\/wp-content\/uploads\/2022\/07\/P1120054-scaled.jpg\"><img loading=\"lazy\" decoding=\"async\" width=\"2560\" height=\"1708\" data-id=\"1235\" src=\"http:\/\/www.gruene-mkk.de\/wp-content\/uploads\/2022\/07\/P1120054-scaled.jpg\" alt=\"\" class=\"wp-image-1235\" srcset=\"https:\/\/www.gruene-mkk.de\/wp-content\/uploads\/2022\/07\/P1120054-scaled.jpg 2560w, https:\/\/www.gruene-mkk.de\/wp-content\/uploads\/2022\/07\/P1120054-400x267.jpg 400w, https:\/\/www.gruene-mkk.de\/wp-content\/uploads\/2022\/07\/P1120054-800x534.jpg 800w, https:\/\/www.gruene-mkk.de\/wp-content\/uploads\/2022\/07\/P1120054-768x512.jpg 768w, https:\/\/www.gruene-mkk.de\/wp-content\/uploads\/2022\/07\/P1120054-1536x1025.jpg 1536w, https:\/\/www.gruene-mkk.de\/wp-content\/uploads\/2022\/07\/P1120054-2048x1367.jpg 2048w\" sizes=\"auto, (max-width: 2560px) 100vw, 2560px\" \/><\/a><\/figure>\n\n\n\n<figure class=\"wp-block-image size-large\"><a href=\"https:\/\/www.gruene-mkk.de\/wp-content\/uploads\/2022\/07\/P1120069-scaled.jpg\"><img loading=\"lazy\" decoding=\"async\" width=\"2560\" height=\"1708\" data-id=\"1239\" src=\"http:\/\/www.gruene-mkk.de\/wp-content\/uploads\/2022\/07\/P1120069-scaled.jpg\" alt=\"\" class=\"wp-image-1239\" srcset=\"https:\/\/www.gruene-mkk.de\/wp-content\/uploads\/2022\/07\/P1120069-scaled.jpg 2560w, https:\/\/www.gruene-mkk.de\/wp-content\/uploads\/2022\/07\/P1120069-400x267.jpg 400w, https:\/\/www.gruene-mkk.de\/wp-content\/uploads\/2022\/07\/P1120069-800x534.jpg 800w, https:\/\/www.gruene-mkk.de\/wp-content\/uploads\/2022\/07\/P1120069-768x512.jpg 768w, https:\/\/www.gruene-mkk.de\/wp-content\/uploads\/2022\/07\/P1120069-1536x1025.jpg 1536w, https:\/\/www.gruene-mkk.de\/wp-content\/uploads\/2022\/07\/P1120069-2048x1367.jpg 2048w\" sizes=\"auto, (max-width: 2560px) 100vw, 2560px\" \/><\/a><\/figure>\n\n\n\n<figure class=\"wp-block-image size-large\"><a href=\"https:\/\/www.gruene-mkk.de\/wp-content\/uploads\/2022\/07\/P1120113-scaled.jpg\"><img loading=\"lazy\" decoding=\"async\" width=\"2560\" height=\"1708\" data-id=\"1245\" src=\"http:\/\/www.gruene-mkk.de\/wp-content\/uploads\/2022\/07\/P1120113-scaled.jpg\" alt=\"\" class=\"wp-image-1245\" srcset=\"https:\/\/www.gruene-mkk.de\/wp-content\/uploads\/2022\/07\/P1120113-scaled.jpg 2560w, https:\/\/www.gruene-mkk.de\/wp-content\/uploads\/2022\/07\/P1120113-400x267.jpg 400w, https:\/\/www.gruene-mkk.de\/wp-content\/uploads\/2022\/07\/P1120113-800x534.jpg 800w, https:\/\/www.gruene-mkk.de\/wp-content\/uploads\/2022\/07\/P1120113-768x512.jpg 768w, https:\/\/www.gruene-mkk.de\/wp-content\/uploads\/2022\/07\/P1120113-1536x1025.jpg 1536w, https:\/\/www.gruene-mkk.de\/wp-content\/uploads\/2022\/07\/P1120113-2048x1367.jpg 2048w\" sizes=\"auto, (max-width: 2560px) 100vw, 2560px\" \/><\/a><\/figure>\n\n\n\n<figure class=\"wp-block-image size-large\"><a href=\"https:\/\/www.gruene-mkk.de\/wp-content\/uploads\/2022\/07\/P1120096-scaled.jpg\"><img loading=\"lazy\" decoding=\"async\" width=\"2560\" height=\"1708\" data-id=\"1242\" src=\"http:\/\/www.gruene-mkk.de\/wp-content\/uploads\/2022\/07\/P1120096-scaled.jpg\" alt=\"\" class=\"wp-image-1242\" srcset=\"https:\/\/www.gruene-mkk.de\/wp-content\/uploads\/2022\/07\/P1120096-scaled.jpg 2560w, https:\/\/www.gruene-mkk.de\/wp-content\/uploads\/2022\/07\/P1120096-400x267.jpg 400w, https:\/\/www.gruene-mkk.de\/wp-content\/uploads\/2022\/07\/P1120096-800x534.jpg 800w, https:\/\/www.gruene-mkk.de\/wp-content\/uploads\/2022\/07\/P1120096-768x512.jpg 768w, https:\/\/www.gruene-mkk.de\/wp-content\/uploads\/2022\/07\/P1120096-1536x1025.jpg 1536w, https:\/\/www.gruene-mkk.de\/wp-content\/uploads\/2022\/07\/P1120096-2048x1367.jpg 2048w\" sizes=\"auto, (max-width: 2560px) 100vw, 2560px\" \/><\/a><\/figure>\n\n\n\n<figure class=\"wp-block-image size-large\"><a href=\"https:\/\/www.gruene-mkk.de\/wp-content\/uploads\/2022\/07\/P1120098-scaled.jpg\"><img loading=\"lazy\" decoding=\"async\" width=\"2560\" height=\"1708\" data-id=\"1243\" src=\"http:\/\/www.gruene-mkk.de\/wp-content\/uploads\/2022\/07\/P1120098-scaled.jpg\" alt=\"\" class=\"wp-image-1243\" srcset=\"https:\/\/www.gruene-mkk.de\/wp-content\/uploads\/2022\/07\/P1120098-scaled.jpg 2560w, https:\/\/www.gruene-mkk.de\/wp-content\/uploads\/2022\/07\/P1120098-400x267.jpg 400w, https:\/\/www.gruene-mkk.de\/wp-content\/uploads\/2022\/07\/P1120098-800x534.jpg 800w, https:\/\/www.gruene-mkk.de\/wp-content\/uploads\/2022\/07\/P1120098-768x512.jpg 768w, https:\/\/www.gruene-mkk.de\/wp-content\/uploads\/2022\/07\/P1120098-1536x1025.jpg 1536w, https:\/\/www.gruene-mkk.de\/wp-content\/uploads\/2022\/07\/P1120098-2048x1367.jpg 2048w\" sizes=\"auto, (max-width: 2560px) 100vw, 2560px\" \/><\/a><\/figure>\n\n\n\n<figure class=\"wp-block-image size-large\"><a href=\"https:\/\/www.gruene-mkk.de\/wp-content\/uploads\/2022\/07\/P1120115-scaled.jpg\"><img loading=\"lazy\" decoding=\"async\" width=\"2560\" height=\"1708\" data-id=\"1246\" src=\"http:\/\/www.gruene-mkk.de\/wp-content\/uploads\/2022\/07\/P1120115-scaled.jpg\" alt=\"\" class=\"wp-image-1246\" srcset=\"https:\/\/www.gruene-mkk.de\/wp-content\/uploads\/2022\/07\/P1120115-scaled.jpg 2560w, https:\/\/www.gruene-mkk.de\/wp-content\/uploads\/2022\/07\/P1120115-400x267.jpg 400w, https:\/\/www.gruene-mkk.de\/wp-content\/uploads\/2022\/07\/P1120115-800x534.jpg 800w, https:\/\/www.gruene-mkk.de\/wp-content\/uploads\/2022\/07\/P1120115-768x512.jpg 768w, https:\/\/www.gruene-mkk.de\/wp-content\/uploads\/2022\/07\/P1120115-1536x1025.jpg 1536w, https:\/\/www.gruene-mkk.de\/wp-content\/uploads\/2022\/07\/P1120115-2048x1367.jpg 2048w\" sizes=\"auto, (max-width: 2560px) 100vw, 2560px\" \/><\/a><\/figure>\n<\/figure>","protected":false},"excerpt":{"rendered":"<p>8 Temmuz'da devlet se\u00e7im kampanyas\u0131na ili\u015fkin bilgilendirme etkinli\u011fimiz Bad Orb'da ger\u00e7ekle\u015fti. Yakla\u015f\u0131k 30 \u00fcye ve misafirler etkinli\u011fe geldi ve okuma salonunda g\u00fczel bir zemin \u00f6n\u00fcnde kar\u015f\u0131land\u0131 [...]<\/p>","protected":false},"author":-1,"featured_media":1238,"comment_status":"open","ping_status":"open","sticky":false,"template":"","format":"standard","meta":{"footnotes":""},"categories":[1,3],"tags":[],"class_list":["post-1229","post","type-post","status-publish","format-standard","has-post-thumbnail","hentry","category-allgemein","category-newswahlen"],"_links":{"self":[{"href":"https:\/\/www.gruene-mkk.de\/tr\/wp-json\/wp\/v2\/posts\/1229","targetHints":{"allow":["GET"]}}],"collection":[{"href":"https:\/\/www.gruene-mkk.de\/tr\/wp-json\/wp\/v2\/posts"}],"about":[{"href":"https:\/\/www.gruene-mkk.de\/tr\/wp-json\/wp\/v2\/types\/post"}],"author":[{"embeddable":true,"href":"https:\/\/www.gruene-mkk.de\/tr\/wp-json\/wp\/v2\/users\/2"}],"replies":[{"embeddable":true,"href":"https:\/\/www.gruene-mkk.de\/tr\/wp-json\/wp\/v2\/comments?post=1229"}],"version-history":[{"count":2,"href":"https:\/\/www.gruene-mkk.de\/tr\/wp-json\/wp\/v2\/posts\/1229\/revisions"}],"predecessor-version":[{"id":1248,"href":"https:\/\/www.gruene-mkk.de\/tr\/wp-json\/wp\/v2\/posts\/1229\/revisions\/1248"}],"wp:featuredmedia":[{"embeddable":true,"href":"https:\/\/www.gruene-mkk.de\/tr\/wp-json\/wp\/v2\/media\/1238"}],"wp:attachment":[{"href":"https:\/\/www.gruene-mkk.de\/tr\/wp-json\/wp\/v2\/media?parent=1229"}],"wp:term":[{"taxonomy":"category","embeddable":true,"href":"https:\/\/www.gruene-mkk.de\/tr\/wp-json\/wp\/v2\/categories?post=1229"},{"taxonomy":"post_tag","embeddable":true,"href":"https:\/\/www.gruene-mkk.de\/tr\/wp-json\/wp\/v2\/tags?post=1229"}],"curies":[{"name":"wp","href":"https:\/\/api.w.org\/{rel}","templated":true}]}}