{"id":1187,"date":"2022-06-14T10:10:00","date_gmt":"2022-06-14T08:10:00","guid":{"rendered":"https:\/\/www.gruene-mkk.de\/?p=1187"},"modified":"2022-06-24T10:13:11","modified_gmt":"2022-06-24T08:13:11","slug":"hessen-in-besten-haenden","status":"publish","type":"post","link":"https:\/\/www.gruene-mkk.de\/tr\/hessen-in-besten-haenden\/","title":{"rendered":"Hesse en iyi ellerde"},"content":{"rendered":"<p>Bu s\u00f6zle b\u00f6lgesel derne\u011fimiz bug\u00fcn 2023 devlet se\u00e7imlerinin ba\u015flang\u0131c\u0131n\u0131 kutlad\u0131. Bizim Federal Ba\u015fkan\u0131 Omid Nouripur, kim a\u00e7\u0131k\u00e7a Hesse en pop\u00fcler ile a\u00e7\u0131klad\u0131 <\/p>\n\n\n\n<p>Wiesbaden'deki Devlet \u015eans\u00f6lyeli\u011fi i\u00e7in \u00fc\u00e7 y\u00f6nl\u00fc sava\u015fta politikac\u0131lar Tarek Al Wazir'i g\u00fcvenle ba\u015flatabiliriz! Robert Habeck, video konu\u015fmas\u0131nda Hessen B\u00fcndnis 90\/Die Gr\u00fcnen Hessen'deki Ye\u015fillerin \u00fclkeye umut verici de\u011fi\u015fim ve destek perspektifiyle g\u00f6sterdi\u011fi cesareti vurgulad\u0131. Tarek al Wazir, Hessen'deki bir\u00e7ok YE\u015e\u0130L ba\u015far\u0131 ile 8 y\u0131ll\u0131k h\u00fck\u00fcmet kat\u0131l\u0131m\u0131n\u0131n ard\u0131ndan, \u00fclkeyi ve halk\u0131 akut krizler ve iklim tarafs\u0131zl\u0131\u011f\u0131 ve enerji g\u00fcvenli\u011fine gerekli d\u00f6n\u00fc\u015f\u00fcm yoluyla y\u00f6nlendirmek i\u00e7in sorumlulu\u011fumuzu yeniden teyit etti. <\/p>\n\n\n\n<p>\u0130l\u00e7e derne\u011fi MKK ile 11 \u00fcye (9 foto\u011frafa yapt\u0131 <img loading=\"lazy\" decoding=\"async\" height=\"16\" width=\"16\" alt=\"Ne? - Evet.\" src=\"https:\/\/static.xx.fbcdn.net\/images\/emoji.php\/v9\/ta8\/1.5\/16\/1f601.png\">) yerde ve se\u00e7im kampanyas\u0131n\u0131n ba\u015f\u0131nda k\u0131v\u0131lc\u0131m\u0131 alacak ve t\u00fcm \u00fcyelerimize iletecektir.<\/p>","protected":false},"excerpt":{"rendered":"<p>Bu s\u00f6zle b\u00f6lgesel derne\u011fimiz bug\u00fcn 2023 devlet se\u00e7imlerinin ba\u015flang\u0131c\u0131n\u0131 kutlad\u0131. Berlin'den seyahat etti\u011fini a\u00e7\u0131k\u00e7a ifade eden Federal Ba\u015fkan\u0131m\u0131z Omid Nouripur [...]<\/p>","protected":false},"author":-1,"featured_media":1188,"comment_status":"open","ping_status":"open","sticky":false,"template":"","format":"standard","meta":{"footnotes":""},"categories":[1,3],"tags":[],"class_list":["post-1187","post","type-post","status-publish","format-standard","has-post-thumbnail","hentry","category-allgemein","category-newswahlen"],"_links":{"self":[{"href":"https:\/\/www.gruene-mkk.de\/tr\/wp-json\/wp\/v2\/posts\/1187","targetHints":{"allow":["GET"]}}],"collection":[{"href":"https:\/\/www.gruene-mkk.de\/tr\/wp-json\/wp\/v2\/posts"}],"about":[{"href":"https:\/\/www.gruene-mkk.de\/tr\/wp-json\/wp\/v2\/types\/post"}],"author":[{"embeddable":true,"href":"https:\/\/www.gruene-mkk.de\/tr\/wp-json\/wp\/v2\/users\/2"}],"replies":[{"embeddable":true,"href":"https:\/\/www.gruene-mkk.de\/tr\/wp-json\/wp\/v2\/comments?post=1187"}],"version-history":[{"count":1,"href":"https:\/\/www.gruene-mkk.de\/tr\/wp-json\/wp\/v2\/posts\/1187\/revisions"}],"predecessor-version":[{"id":1189,"href":"https:\/\/www.gruene-mkk.de\/tr\/wp-json\/wp\/v2\/posts\/1187\/revisions\/1189"}],"wp:featuredmedia":[{"embeddable":true,"href":"https:\/\/www.gruene-mkk.de\/tr\/wp-json\/wp\/v2\/media\/1188"}],"wp:attachment":[{"href":"https:\/\/www.gruene-mkk.de\/tr\/wp-json\/wp\/v2\/media?parent=1187"}],"wp:term":[{"taxonomy":"category","embeddable":true,"href":"https:\/\/www.gruene-mkk.de\/tr\/wp-json\/wp\/v2\/categories?post=1187"},{"taxonomy":"post_tag","embeddable":true,"href":"https:\/\/www.gruene-mkk.de\/tr\/wp-json\/wp\/v2\/tags?post=1187"}],"curies":[{"name":"wp","href":"https:\/\/api.w.org\/{rel}","templated":true}]}}