{"id":1073,"date":"2022-05-14T14:51:47","date_gmt":"2022-05-14T12:51:47","guid":{"rendered":"https:\/\/www.gruene-mkk.de\/?p=1073"},"modified":"2022-05-14T14:52:06","modified_gmt":"2022-05-14T12:52:06","slug":"gruene-ue60-treffen-sich-in-hanau","status":"publish","type":"post","link":"https:\/\/www.gruene-mkk.de\/tr\/gruene-ue60-treffen-sich-in-hanau\/","title":{"rendered":"Ye\u015fil \u00dc60 Hanau'da bulu\u015fuyor"},"content":{"rendered":"<p>Bir sonraki LAG \"Gr\u00fcne Alte\" toplant\u0131s\u0131 20 May\u0131s'ta Frankfurt'ta ger\u00e7ekle\u015fecek.<\/p>\n\n\n\n<!--more-->\n\n\n\n<p>14 May\u0131s Cumartesi g\u00fcn\u00fc, 60 ya\u015f\u0131n \u00fczerindeki Ye\u015fil Main-Kinzig \u00fcyeleri Hanau'daki mahalle evi T\u00fcmpelgarten'de kahvalt\u0131 i\u00e7in bir araya geldi.<\/p>\n\n\n\n<p>Kat\u0131l\u0131mc\u0131lar, daha sonraki toplant\u0131larda fikir al\u0131\u015fveri\u015finde bulunmak ve somut \u00e7\u00f6z\u00fcmler geli\u015ftirmek istedikleri konular\u0131 toplad\u0131lar. Konular konut, hareketlilik ve dijitalle\u015fmeyi i\u00e7eriyordu.<\/p>\n\n\n\n<p>\u0130lgilenen \u00fcyeler her zaman bizimle e-posta yoluyla ileti\u015fime ge\u00e7ebilirler. <a href=\"#\" data-unscramble=\"ed.kkm-eneurg@vk\">kv@gruene-mkk.de<\/a> Daha fazla bilgi i\u00e7in rapor verin.<\/p>\n\n\n\n<p>Bir sonraki toplant\u0131n\u0131n sabah 1 Ekim'de yap\u0131lmas\u0131 planlan\u0131yor. Yer ve zaman ilan edilecektir.<\/p>\n\n\n\n<figure class=\"wp-block-gallery columns-2 is-cropped wp-block-gallery-1 is-layout-flex wp-block-gallery-is-layout-flex\"><ul class=\"blocks-gallery-grid\"><li class=\"blocks-gallery-item\"><figure><img loading=\"lazy\" decoding=\"async\" width=\"800\" height=\"600\" src=\"http:\/\/www.gruene-mkk.de\/wp-content\/uploads\/2022\/05\/PXL_20220514_085149553-800x600.jpg\" alt=\"\" data-id=\"1076\" data-full-url=\"http:\/\/www.gruene-mkk.de\/wp-content\/uploads\/2022\/05\/PXL_20220514_085149553-scaled.jpg\" data-link=\"https:\/\/www.gruene-mkk.de\/?attachment_id=1076\" class=\"wp-image-1076\" srcset=\"https:\/\/www.gruene-mkk.de\/wp-content\/uploads\/2022\/05\/PXL_20220514_085149553-800x600.jpg 800w, https:\/\/www.gruene-mkk.de\/wp-content\/uploads\/2022\/05\/PXL_20220514_085149553-400x300.jpg 400w, https:\/\/www.gruene-mkk.de\/wp-content\/uploads\/2022\/05\/PXL_20220514_085149553-768x576.jpg 768w, https:\/\/www.gruene-mkk.de\/wp-content\/uploads\/2022\/05\/PXL_20220514_085149553-1536x1152.jpg 1536w, https:\/\/www.gruene-mkk.de\/wp-content\/uploads\/2022\/05\/PXL_20220514_085149553-2048x1536.jpg 2048w\" sizes=\"auto, (max-width: 800px) 100vw, 800px\" \/><\/figure><\/li><li class=\"blocks-gallery-item\"><figure><img loading=\"lazy\" decoding=\"async\" width=\"800\" height=\"1067\" src=\"http:\/\/www.gruene-mkk.de\/wp-content\/uploads\/2022\/05\/PXL_20220514_083158006-800x1067.jpg\" alt=\"\" data-id=\"1075\" data-full-url=\"http:\/\/www.gruene-mkk.de\/wp-content\/uploads\/2022\/05\/PXL_20220514_083158006-scaled.jpg\" data-link=\"https:\/\/www.gruene-mkk.de\/?attachment_id=1075\" class=\"wp-image-1075\" srcset=\"https:\/\/www.gruene-mkk.de\/wp-content\/uploads\/2022\/05\/PXL_20220514_083158006-800x1067.jpg 800w, https:\/\/www.gruene-mkk.de\/wp-content\/uploads\/2022\/05\/PXL_20220514_083158006-400x533.jpg 400w, https:\/\/www.gruene-mkk.de\/wp-content\/uploads\/2022\/05\/PXL_20220514_083158006-768x1024.jpg 768w, https:\/\/www.gruene-mkk.de\/wp-content\/uploads\/2022\/05\/PXL_20220514_083158006-1152x1536.jpg 1152w, https:\/\/www.gruene-mkk.de\/wp-content\/uploads\/2022\/05\/PXL_20220514_083158006-1536x2048.jpg 1536w, https:\/\/www.gruene-mkk.de\/wp-content\/uploads\/2022\/05\/PXL_20220514_083158006-scaled.jpg 1920w\" sizes=\"auto, (max-width: 800px) 100vw, 800px\" \/><\/figure><\/li><\/ul><\/figure>","protected":false},"excerpt":{"rendered":"<p>Bir sonraki LAG \"Gr\u00fcne Alte\" toplant\u0131s\u0131 20 May\u0131s'ta Frankfurt'ta ger\u00e7ekle\u015fecek.<\/p>","protected":false},"author":-1,"featured_media":1074,"comment_status":"open","ping_status":"open","sticky":false,"template":"","format":"standard","meta":{"footnotes":""},"categories":[1],"tags":[],"class_list":["post-1073","post","type-post","status-publish","format-standard","has-post-thumbnail","hentry","category-allgemein"],"_links":{"self":[{"href":"https:\/\/www.gruene-mkk.de\/tr\/wp-json\/wp\/v2\/posts\/1073","targetHints":{"allow":["GET"]}}],"collection":[{"href":"https:\/\/www.gruene-mkk.de\/tr\/wp-json\/wp\/v2\/posts"}],"about":[{"href":"https:\/\/www.gruene-mkk.de\/tr\/wp-json\/wp\/v2\/types\/post"}],"author":[{"embeddable":true,"href":"https:\/\/www.gruene-mkk.de\/tr\/wp-json\/wp\/v2\/users\/2"}],"replies":[{"embeddable":true,"href":"https:\/\/www.gruene-mkk.de\/tr\/wp-json\/wp\/v2\/comments?post=1073"}],"version-history":[{"count":2,"href":"https:\/\/www.gruene-mkk.de\/tr\/wp-json\/wp\/v2\/posts\/1073\/revisions"}],"predecessor-version":[{"id":1078,"href":"https:\/\/www.gruene-mkk.de\/tr\/wp-json\/wp\/v2\/posts\/1073\/revisions\/1078"}],"wp:featuredmedia":[{"embeddable":true,"href":"https:\/\/www.gruene-mkk.de\/tr\/wp-json\/wp\/v2\/media\/1074"}],"wp:attachment":[{"href":"https:\/\/www.gruene-mkk.de\/tr\/wp-json\/wp\/v2\/media?parent=1073"}],"wp:term":[{"taxonomy":"category","embeddable":true,"href":"https:\/\/www.gruene-mkk.de\/tr\/wp-json\/wp\/v2\/categories?post=1073"},{"taxonomy":"post_tag","embeddable":true,"href":"https:\/\/www.gruene-mkk.de\/tr\/wp-json\/wp\/v2\/tags?post=1073"}],"curies":[{"name":"wp","href":"https:\/\/api.w.org\/{rel}","templated":true}]}}