{"id":1069,"date":"2022-05-05T17:32:00","date_gmt":"2022-05-05T15:32:00","guid":{"rendered":"https:\/\/www.gruene-mkk.de\/?p=1069"},"modified":"2022-05-12T17:36:44","modified_gmt":"2022-05-12T15:36:44","slug":"veranstaltung-nachhaltige-landwirtschaft-in-hessen","status":"publish","type":"post","link":"https:\/\/www.gruene-mkk.de\/tr\/veranstaltung-nachhaltige-landwirtschaft-in-hessen\/","title":{"rendered":"Olay \u015fu \u015fekilde: \"Hessen'de s\u00fcrd\u00fcr\u00fclebilir tar\u0131m\""},"content":{"rendered":"<p>28 Nisan 2022'de, Main-Kinzig-Kreis \u00c7ift\u00e7iler Derne\u011fi Ba\u015fkan\u0131 Mark Trageser'e ek olarak, Biebergem\u00fcnd'den baz\u0131 \u00e7ift\u00e7iler ve di\u011fer ilgili vatanda\u015flar da Ye\u015fil Yerel Birlik'in davetini kabul etti.&nbsp;<a href=\"https:\/\/www.gruene-biebergemuend.de\/2022\/04\/15\/28-4-stammtisch-mit-hans-juergen-mueller\/\">\"Hessen'de S\u00fcrd\u00fcr\u00fclebilir Tar\u0131m\" konulu Dijital Ye\u015fil Yuvarlak Masa<\/a>&nbsp;Me\u015fgul bir i\u015f.<\/p>\n\n\n\n<p>Uzun s\u00fcredir organik \u00e7ift\u00e7i ve Tar\u0131m, Hayvan Refah\u0131 ve Avc\u0131l\u0131k Ye\u015fil Parlamento Grubu s\u00f6zc\u00fcs\u00fc,\u00a0<a href=\"https:\/\/www.mueller-witzenhausen.de\/\">Hans-j\u00fcrgen muller (anlam ayr\u0131m\u0131)<\/a>, \u0130lk olarak zaman i\u00e7inde tar\u0131mla ilgili g\u00f6r\u00fc\u015flerini a\u00e7\u0131klad\u0131.\u00a0<\/p>\n\n\n\n<p><a href=\"https:\/\/www.gruene-biebergemuend.de\/2022\/05\/03\/gruene-agrarpolitik-fuer-hessen-mit-hans-juergen-mueller\/\">Etkinlik hakk\u0131nda ayr\u0131nt\u0131l\u0131 bir rapor Gr\u00fcner Biebergem\u00fcnd'\u00fcn web sitesinde bulunabilir.<\/a><\/p>","protected":false},"excerpt":{"rendered":"<p>28 Nisan 2022'de, Main-Kinzig il\u00e7esi \u00e7ift\u00e7i derne\u011fi ba\u015fkan\u0131 Mark Trageser'e ek olarak, Biebergem\u00fcnd'den baz\u0131 \u00e7ift\u00e7iler ve di\u011fer ilgili vatanda\u015flar Ye\u015fil [...]<\/p>","protected":false},"author":-1,"featured_media":0,"comment_status":"open","ping_status":"open","sticky":false,"template":"","format":"standard","meta":{"footnotes":""},"categories":[4],"tags":[],"class_list":["post-1069","post","type-post","status-publish","format-standard","hentry","category-newsortsverbaende"],"_links":{"self":[{"href":"https:\/\/www.gruene-mkk.de\/tr\/wp-json\/wp\/v2\/posts\/1069","targetHints":{"allow":["GET"]}}],"collection":[{"href":"https:\/\/www.gruene-mkk.de\/tr\/wp-json\/wp\/v2\/posts"}],"about":[{"href":"https:\/\/www.gruene-mkk.de\/tr\/wp-json\/wp\/v2\/types\/post"}],"author":[{"embeddable":true,"href":"https:\/\/www.gruene-mkk.de\/tr\/wp-json\/wp\/v2\/users\/2"}],"replies":[{"embeddable":true,"href":"https:\/\/www.gruene-mkk.de\/tr\/wp-json\/wp\/v2\/comments?post=1069"}],"version-history":[{"count":1,"href":"https:\/\/www.gruene-mkk.de\/tr\/wp-json\/wp\/v2\/posts\/1069\/revisions"}],"predecessor-version":[{"id":1071,"href":"https:\/\/www.gruene-mkk.de\/tr\/wp-json\/wp\/v2\/posts\/1069\/revisions\/1071"}],"wp:attachment":[{"href":"https:\/\/www.gruene-mkk.de\/tr\/wp-json\/wp\/v2\/media?parent=1069"}],"wp:term":[{"taxonomy":"category","embeddable":true,"href":"https:\/\/www.gruene-mkk.de\/tr\/wp-json\/wp\/v2\/categories?post=1069"},{"taxonomy":"post_tag","embeddable":true,"href":"https:\/\/www.gruene-mkk.de\/tr\/wp-json\/wp\/v2\/tags?post=1069"}],"curies":[{"name":"wp","href":"https:\/\/api.w.org\/{rel}","templated":true}]}}