{"id":1033,"date":"2022-04-19T09:00:00","date_gmt":"2022-04-19T07:00:00","guid":{"rendered":"https:\/\/www.gruene-mkk.de\/?p=1033"},"modified":"2022-04-19T12:46:10","modified_gmt":"2022-04-19T10:46:10","slug":"nachhaltige-landwirtschaft-in-hessen","status":"publish","type":"post","link":"https:\/\/www.gruene-mkk.de\/tr\/nachhaltige-landwirtschaft-in-hessen\/","title":{"rendered":"Hessen'de s\u00fcrd\u00fcr\u00fclebilir tar\u0131m"},"content":{"rendered":"<p>Randevu duyurusu: Per\u015fembe 29 Nisan saat 19:00, Hans-J\u00fcrgen M\u00fcller ile Dijital Stammtisch der Gr\u00fcnen Biebergem\u00fcnd, MdL<\/p>\n\n\n\n<!--more-->\n\n\n\n<p>B\u00fcndnis 90\/Die Gr\u00fcnen'in Biebergem\u00fcnde yerel derne\u011fi sizi Hessen \u2047 'de s\u00fcrd\u00fcr\u00fclebilir tar\u0131m konusunda dijital Ye\u015fil Yuvarlak Masa'ya davet ediyor. Ye\u015fil Yuvarlak Masa, ilgilenen t\u00fcm vatanda\u015flar i\u00e7in a\u00e7\u0131k bir etkinliktir.<\/p>\n\n\n\n<p>Deneyimli bir organik \u00e7ift\u00e7i ve Ye\u015fil Grubun tar\u0131m politikas\u0131 s\u00f6zc\u00fcs\u00fc olan Hans-J\u00fcrgen M\u00fcller'i bu ak\u015fam Hessen Parlamentosu'nda a\u011f\u0131rlamaktan mutluluk duyuyoruz. Hans-J\u00fcrgen M\u00fcller, Hessen'de s\u00fcrd\u00fcr\u00fclebilir tar\u0131m i\u00e7in hangi tar\u0131m politikas\u0131na ihtiyac\u0131m\u0131z oldu\u011fu ve ilgili ama\u00e7 ve zorluklarla yo\u011fun bir \u015fekilde ilgileniyor.<\/p>\n\n\n\n<p>Etkinlik hakk\u0131nda daha fazla bilgiyi burada bulabilirsiniz: <a rel=\"noreferrer noopener\" href=\"https:\/\/gruenlink.de\/2ijr?fbclid=IwAR04ulwRa50sgsJ29APz2BSPwFybLCgU5eZttpZML1x4_IG6iX6vIzApsBQ\" target=\"_blank\">https:\/\/gruenlink.de\/2ijr<\/a><\/p>","protected":false},"excerpt":{"rendered":"<p>Randevu duyurusu: Per\u015fembe 29 Nisan saat 19:00, Hans-J\u00fcrgen M\u00fcller ile Dijital Stammtisch der Gr\u00fcnen Biebergem\u00fcnd, MdL<\/p>","protected":false},"author":-1,"featured_media":0,"comment_status":"open","ping_status":"open","sticky":false,"template":"","format":"standard","meta":{"footnotes":""},"categories":[1],"tags":[],"class_list":["post-1033","post","type-post","status-publish","format-standard","hentry","category-allgemein"],"_links":{"self":[{"href":"https:\/\/www.gruene-mkk.de\/tr\/wp-json\/wp\/v2\/posts\/1033","targetHints":{"allow":["GET"]}}],"collection":[{"href":"https:\/\/www.gruene-mkk.de\/tr\/wp-json\/wp\/v2\/posts"}],"about":[{"href":"https:\/\/www.gruene-mkk.de\/tr\/wp-json\/wp\/v2\/types\/post"}],"author":[{"embeddable":true,"href":"https:\/\/www.gruene-mkk.de\/tr\/wp-json\/wp\/v2\/users\/2"}],"replies":[{"embeddable":true,"href":"https:\/\/www.gruene-mkk.de\/tr\/wp-json\/wp\/v2\/comments?post=1033"}],"version-history":[{"count":2,"href":"https:\/\/www.gruene-mkk.de\/tr\/wp-json\/wp\/v2\/posts\/1033\/revisions"}],"predecessor-version":[{"id":1035,"href":"https:\/\/www.gruene-mkk.de\/tr\/wp-json\/wp\/v2\/posts\/1033\/revisions\/1035"}],"wp:attachment":[{"href":"https:\/\/www.gruene-mkk.de\/tr\/wp-json\/wp\/v2\/media?parent=1033"}],"wp:term":[{"taxonomy":"category","embeddable":true,"href":"https:\/\/www.gruene-mkk.de\/tr\/wp-json\/wp\/v2\/categories?post=1033"},{"taxonomy":"post_tag","embeddable":true,"href":"https:\/\/www.gruene-mkk.de\/tr\/wp-json\/wp\/v2\/tags?post=1033"}],"curies":[{"name":"wp","href":"https:\/\/api.w.org\/{rel}","templated":true}]}}