{"id":1028,"date":"2022-04-19T12:00:00","date_gmt":"2022-04-19T10:00:00","guid":{"rendered":"https:\/\/www.gruene-mkk.de\/?p=1028"},"modified":"2022-04-19T11:29:26","modified_gmt":"2022-04-19T09:29:26","slug":"leben-und-wirken-wird-nicht-vergessen-werden","status":"publish","type":"post","link":"https:\/\/www.gruene-mkk.de\/tr\/leben-und-wirken-wird-nicht-vergessen-werden\/","title":{"rendered":"\u0130\u015f ve hayat unutulmayacak"},"content":{"rendered":"<p><em>Erich Pipa'n\u0131n \u00f6l\u00fcm\u00fcyle ilgili Green Main-Kinzig yorumu: \u2047 \u00c7evredeki en etkili politikac\u0131lardan biri  \u2047<\/em><\/p>\n\n\n\n<!--more-->\n\n\n\n<p>Parlamento grubu y\u00f6neticisi ve Ye\u015filler Main-Kinzig, Reiner Bousonville, Viola Ha\u00dfdenteufel, Jakob M\u00e4hler ve Ahmet \u00c7etiner'in b\u00f6lge y\u00f6neticisi, \"Main-Kinzig b\u00f6lgesindeki en etkili politikac\u0131lardan biri i\u00e7in yas tutuyoruz\" diyor. Erich Pipa ile birlikte, Main-Kinzig b\u00f6lgesinden b\u00fcy\u00fck bir ki\u015filik \u00f6ld\u00fc. Yorulmak bilmeyen \u00e7abalar\u0131yla, Main-Kinzig b\u00f6lgesini kararl\u0131 bir \u015fekilde \u015fekillendirdi.<\/p>\n\n\n\n<p>Erich Pipa ile i\u015fbirli\u011fi sadece ortak koalisyon zamanlar\u0131nda takdir edilmedi: Bir b\u00f6lge meclis \u00fcyesi olarak, sadece kendileriyle de\u011fil, t\u00fcm taraflarla e\u015fit bir \u015fekilde konu\u015ftu. Onun i\u00e7in i\u015fbirli\u011fi, Main-Kinzig-Kreis halk\u0131n\u0131n yarar\u0131na \u00f6nemliydi.  \u2047  Net bir kenar g\u00f6stermekten de \u00e7ekinmedi: Takdir edildi\u011fi ve sayg\u0131 duydu\u011fu \u015fey, yorulmak bilmeyen \u00e7al\u0131\u015fmalar\u0131na ve \u00f6zverisine ek olarak, \u00f6nemli \u00e7a\u011fda\u015f olaylara kar\u015f\u0131 net duru\u015fuydu.<\/p>\n\n\n\n<p>\u00d6rnekler aras\u0131nda, uzun vadeli i\u015fsizlerin kendileri ile bir daire i\u00e7inde ilgilenmesi veya m\u00fcltecilerin daha iyi kar\u015f\u0131lanmas\u0131, bar\u0131nmas\u0131 ve bak\u0131m\u0131 i\u00e7in net duru\u015fu yer al\u0131yor. Sorunlar i\u00e7in ate\u015f etti ve \u015fiddetli r\u00fczgarlar kar\u015f\u0131s\u0131nda bile onlara itiraf etti.<\/p>\n\n\n\n<p>Bu, Pipa'n\u0131n taraflar aras\u0131 tan\u0131nmas\u0131n\u0131 sa\u011flam\u0131\u015ft\u0131r: Biz Ye\u015filler ve eski Landrat aras\u0131ndaki i\u015fbirli\u011fini her zaman takdir ettik. Erich Pipa, Main-Kinzig-Kreis'te b\u00fcy\u00fck kararlarla kar\u015f\u0131 kar\u015f\u0131ya kald\u0131\u011f\u0131m\u0131zda veya bireysel \u00f6ncelikler hakk\u0131nda fikir al\u0131\u015fveri\u015finde bulunmak istedi\u011fimizde grubumuzun ho\u015f bir konu\u011fuydu.<\/p>\n\n\n\n<p>Ne yaz\u0131k ki, o da karanl\u0131k taraf\u0131 tan\u0131mak zorunda kald\u0131. A\u00e7\u0131k g\u00f6r\u00fc\u015f\u00fc nedeniyle, \u00f6l\u00fcm tehditleri ald\u0131 ve defalarca d\u00fc\u015fmanl\u0131\u011f\u0131n kurban\u0131 oldu. Ancak geri \u00e7ekilmek yerine, fikrini savunmaya devam etti. Bu, daha \u00e7eki\u015fmeli, ancak her zaman adil bir tart\u0131\u015fma orta\u011f\u0131 olarak dairenin istikrarl\u0131 bir \u015fekilde iyile\u015ftirilmesini isteyen ve ayn\u0131 zamanda dairenin istikrarl\u0131 bir \u015fekilde iyile\u015ftirilmesini sa\u011flayan Erich Pipa'n\u0131n omurgas\u0131n\u0131 ve m\u00fccadele ruhunu a\u00e7\u0131k\u00e7a g\u00f6steriyor \"dedi.<\/p>\n\n\n\n<p>Bu ayn\u0131 zamanda, o zamanlar Almanya'da bu boyutta benzersiz olan geni\u015f bant altyap\u0131s\u0131n\u0131n geni\u015fletilmesini de i\u00e7erir: Bir \u00e7evrenin interneti i\u015fletmeler ve \u00f6zel ki\u015filer i\u00e7in basit\u00e7e kurmas\u0131 al\u0131\u015f\u0131lmad\u0131k bir \u015feydi ve ba\u015fkalar\u0131n\u0131 beklemek yerine do\u011frudan kendisinin \u00fcstesinden gelmeyi tercih eden eski b\u00f6lge y\u00f6neticisi sayesinde oldu.<\/p>\n\n\n\n<p>\u00c7emberde bir\u00e7ok temel att\u0131 ve bir\u00e7ok ba\u015far\u0131 hikayesi yazd\u0131: Sosyal politikada veya i\u00e7 altyap\u0131n\u0131n geli\u015ftirilmesinde olsun. Son birka\u00e7 y\u0131lda bu ba\u015far\u0131 hikayelerini geli\u015ftirebildik ve gelecekte de \u00fczerine in\u015fa edebiliriz. Erich Pipa'n\u0131n hayat\u0131 ve \u00e7al\u0131\u015fmalar\u0131 unutulmayacak\", Kreistagsfraaktion ve Kreisvorstand kurulu sona eriyor.<\/p>","protected":false},"excerpt":{"rendered":"<p>Erich Pipa'n\u0131n \u00f6l\u00fcm\u00fcyle ilgili Green Main-Kinzig yorumu: \u2047 \u00c7evredeki en etkili politikac\u0131lardan biri  \u2047<\/p>","protected":false},"author":-1,"featured_media":1029,"comment_status":"open","ping_status":"open","sticky":false,"template":"","format":"standard","meta":{"footnotes":""},"categories":[1,2],"tags":[],"class_list":["post-1028","post","type-post","status-publish","format-standard","has-post-thumbnail","hentry","category-allgemein","category-newskreistagsfraktion"],"_links":{"self":[{"href":"https:\/\/www.gruene-mkk.de\/tr\/wp-json\/wp\/v2\/posts\/1028","targetHints":{"allow":["GET"]}}],"collection":[{"href":"https:\/\/www.gruene-mkk.de\/tr\/wp-json\/wp\/v2\/posts"}],"about":[{"href":"https:\/\/www.gruene-mkk.de\/tr\/wp-json\/wp\/v2\/types\/post"}],"author":[{"embeddable":true,"href":"https:\/\/www.gruene-mkk.de\/tr\/wp-json\/wp\/v2\/users\/2"}],"replies":[{"embeddable":true,"href":"https:\/\/www.gruene-mkk.de\/tr\/wp-json\/wp\/v2\/comments?post=1028"}],"version-history":[{"count":1,"href":"https:\/\/www.gruene-mkk.de\/tr\/wp-json\/wp\/v2\/posts\/1028\/revisions"}],"predecessor-version":[{"id":1030,"href":"https:\/\/www.gruene-mkk.de\/tr\/wp-json\/wp\/v2\/posts\/1028\/revisions\/1030"}],"wp:featuredmedia":[{"embeddable":true,"href":"https:\/\/www.gruene-mkk.de\/tr\/wp-json\/wp\/v2\/media\/1029"}],"wp:attachment":[{"href":"https:\/\/www.gruene-mkk.de\/tr\/wp-json\/wp\/v2\/media?parent=1028"}],"wp:term":[{"taxonomy":"category","embeddable":true,"href":"https:\/\/www.gruene-mkk.de\/tr\/wp-json\/wp\/v2\/categories?post=1028"},{"taxonomy":"post_tag","embeddable":true,"href":"https:\/\/www.gruene-mkk.de\/tr\/wp-json\/wp\/v2\/tags?post=1028"}],"curies":[{"name":"wp","href":"https:\/\/api.w.org\/{rel}","templated":true}]}}