{"id":1023,"date":"2022-04-14T12:03:19","date_gmt":"2022-04-14T10:03:19","guid":{"rendered":"https:\/\/www.gruene-mkk.de\/?p=1023"},"modified":"2022-04-14T12:08:51","modified_gmt":"2022-04-14T10:08:51","slug":"gruene-main-kinzig-sprechen-ueber-waldschutz","status":"publish","type":"post","link":"https:\/\/www.gruene-mkk.de\/tr\/gruene-main-kinzig-sprechen-ueber-waldschutz\/","title":{"rendered":"Ye\u015fil Main-Kinzig orman koruma hakk\u0131nda konu\u015fmak"},"content":{"rendered":"<p>Main-Kinzig b\u00f6lgesindeki Ye\u015filler yerel derneklerinin ve parlamento gruplar\u0131n\u0131n temsilcileri, Ye\u015fil Parlamento Grubu'nun \u00e7evre ve iklim koruma s\u00f6zc\u00fcs\u00fc Martina Feldmayer ile 12 Nisan 2022'de Hessen'deki ormanlar\u0131n korunmas\u0131na ili\u015fkin \u00e7evrimi\u00e7i g\u00f6r\u00fc\u015f al\u0131\u015fveri\u015finde bulundu.<\/p>\n\n\n\n<p>H\u00fck\u00fcmete kat\u0131l\u0131mlar\u0131 s\u0131ras\u0131nda, Hessen Ye\u015filleri, do\u011fal ormanlar\u0131n hedef oran\u0131 gibi Hessen ormanlar\u0131n\u0131n korunmas\u0131 i\u00e7in \u00e7ok \u015fey ba\u015fard\u0131lar.% Hessen ormanlar\u0131 FSC sertifikas\u0131na sahip olmak ve Bannwald'\u0131 daha g\u00fc\u00e7l\u00fc bir \u015fekilde korumak.<\/p>\n\n\n\n<p>Arazi d\u00fczeyindeki hedeflere ula\u015fmak i\u00e7in, ormanlar\u0131n korunmas\u0131 da belediye d\u00fczeyinde te\u015fvik edilmelidir. Eyalet parlamentosu \u00fcyeleri, yerel politikac\u0131lar\u0131m\u0131z\u0131n orman korumas\u0131 i\u00e7in ba\u015fvuruda bulunabilecekleri yararl\u0131 ipu\u00e7lar\u0131 ve arg\u00fcmanlar verdi.<\/p>\n\n\n\n<p><\/p>","protected":false},"excerpt":{"rendered":"<p>12 Nisan 2022'de Main-Kinzig b\u00f6lgesindeki Ye\u015fillerin yerel derneklerinin ve parlamento gruplar\u0131n\u0131n temsilcileri, \u00e7evre ve iklim koruma s\u00f6zc\u00fcs\u00fc Martina Feldmayer ile \u00e7evrimi\u00e7i g\u00f6r\u00fc\u015f al\u0131\u015fveri\u015finde bulundu [...]<\/p>","protected":false},"author":-1,"featured_media":0,"comment_status":"open","ping_status":"open","sticky":false,"template":"","format":"standard","meta":{"footnotes":""},"categories":[1,4],"tags":[],"class_list":["post-1023","post","type-post","status-publish","format-standard","hentry","category-allgemein","category-newsortsverbaende"],"_links":{"self":[{"href":"https:\/\/www.gruene-mkk.de\/tr\/wp-json\/wp\/v2\/posts\/1023","targetHints":{"allow":["GET"]}}],"collection":[{"href":"https:\/\/www.gruene-mkk.de\/tr\/wp-json\/wp\/v2\/posts"}],"about":[{"href":"https:\/\/www.gruene-mkk.de\/tr\/wp-json\/wp\/v2\/types\/post"}],"author":[{"embeddable":true,"href":"https:\/\/www.gruene-mkk.de\/tr\/wp-json\/wp\/v2\/users\/2"}],"replies":[{"embeddable":true,"href":"https:\/\/www.gruene-mkk.de\/tr\/wp-json\/wp\/v2\/comments?post=1023"}],"version-history":[{"count":2,"href":"https:\/\/www.gruene-mkk.de\/tr\/wp-json\/wp\/v2\/posts\/1023\/revisions"}],"predecessor-version":[{"id":1026,"href":"https:\/\/www.gruene-mkk.de\/tr\/wp-json\/wp\/v2\/posts\/1023\/revisions\/1026"}],"wp:attachment":[{"href":"https:\/\/www.gruene-mkk.de\/tr\/wp-json\/wp\/v2\/media?parent=1023"}],"wp:term":[{"taxonomy":"category","embeddable":true,"href":"https:\/\/www.gruene-mkk.de\/tr\/wp-json\/wp\/v2\/categories?post=1023"},{"taxonomy":"post_tag","embeddable":true,"href":"https:\/\/www.gruene-mkk.de\/tr\/wp-json\/wp\/v2\/tags?post=1023"}],"curies":[{"name":"wp","href":"https:\/\/api.w.org\/{rel}","templated":true}]}}