{"id":1014,"date":"2022-04-08T14:00:41","date_gmt":"2022-04-08T12:00:41","guid":{"rendered":"https:\/\/www.gruene-mkk.de\/?p=1014"},"modified":"2022-04-08T14:09:33","modified_gmt":"2022-04-08T12:09:33","slug":"wiederwahl-zum-ersten-stadtrat","status":"publish","type":"post","link":"https:\/\/www.gruene-mkk.de\/tr\/wiederwahl-zum-ersten-stadtrat\/","title":{"rendered":"\u0130lk belediye meclisine yeniden se\u00e7im"},"content":{"rendered":"<p>Rainer Vogel'i Nidderau \u015fehrinin ilk belediye meclis \u00fcyesi olarak yeniden se\u00e7ilmesinden dolay\u0131 kutluyoruz!<\/p>\n\n\n\n<!--more-->\n\n\n\n<p>Tar\u0131m m\u00fchendisi ve Ye\u015fil \u00dcye Rainer Vogel, 7 Nisan 2022'de Nidderau Kent Konseyi taraf\u0131ndan ilk belediye meclis \u00fcyesi olarak onayland\u0131. 2016'dan beri \u015fehir meclisi \u00fcyesi olarak aktiftir ve \u015fu anda Main-Kinzig b\u00f6lgesindeki tek tam zamanl\u0131 Ye\u015fil politikac\u0131d\u0131r. Belediye meclis \u00fcyesi olarak \u00e7al\u0131\u015fmalar\u0131na ek olarak, esas olarak \u00e7evre koruma ve tar\u0131mla u\u011fra\u015ft\u0131\u011f\u0131 Ye\u015fil B\u00f6lge Parlamento Grubu'nun bir \u00fcyesidir.<\/p>\n\n\n\n<p>\u0130l\u00e7e, yeniden se\u00e7ilmesinden memnun. Rainer Vogel'e \u00e7al\u0131\u015fmalar\u0131 i\u00e7in te\u015fekk\u00fcr ediyor, ba\u015far\u0131lar diliyoruz!<\/p>","protected":false},"excerpt":{"rendered":"<p>Rainer Vogel'i Nidderau \u015fehrinin ilk belediye meclis \u00fcyesi olarak yeniden se\u00e7ilmesinden dolay\u0131 kutluyoruz!<\/p>","protected":false},"author":-1,"featured_media":1015,"comment_status":"open","ping_status":"open","sticky":false,"template":"","format":"standard","meta":{"footnotes":""},"categories":[4],"tags":[],"class_list":["post-1014","post","type-post","status-publish","format-standard","has-post-thumbnail","hentry","category-newsortsverbaende"],"_links":{"self":[{"href":"https:\/\/www.gruene-mkk.de\/tr\/wp-json\/wp\/v2\/posts\/1014","targetHints":{"allow":["GET"]}}],"collection":[{"href":"https:\/\/www.gruene-mkk.de\/tr\/wp-json\/wp\/v2\/posts"}],"about":[{"href":"https:\/\/www.gruene-mkk.de\/tr\/wp-json\/wp\/v2\/types\/post"}],"author":[{"embeddable":true,"href":"https:\/\/www.gruene-mkk.de\/tr\/wp-json\/wp\/v2\/users\/2"}],"replies":[{"embeddable":true,"href":"https:\/\/www.gruene-mkk.de\/tr\/wp-json\/wp\/v2\/comments?post=1014"}],"version-history":[{"count":3,"href":"https:\/\/www.gruene-mkk.de\/tr\/wp-json\/wp\/v2\/posts\/1014\/revisions"}],"predecessor-version":[{"id":1018,"href":"https:\/\/www.gruene-mkk.de\/tr\/wp-json\/wp\/v2\/posts\/1014\/revisions\/1018"}],"wp:featuredmedia":[{"embeddable":true,"href":"https:\/\/www.gruene-mkk.de\/tr\/wp-json\/wp\/v2\/media\/1015"}],"wp:attachment":[{"href":"https:\/\/www.gruene-mkk.de\/tr\/wp-json\/wp\/v2\/media?parent=1014"}],"wp:term":[{"taxonomy":"category","embeddable":true,"href":"https:\/\/www.gruene-mkk.de\/tr\/wp-json\/wp\/v2\/categories?post=1014"},{"taxonomy":"post_tag","embeddable":true,"href":"https:\/\/www.gruene-mkk.de\/tr\/wp-json\/wp\/v2\/tags?post=1014"}],"curies":[{"name":"wp","href":"https:\/\/api.w.org\/{rel}","templated":true}]}}