{"id":909,"date":"2022-02-18T14:31:07","date_gmt":"2022-02-18T13:31:07","guid":{"rendered":"https:\/\/www.gruene-mkk.de\/?p=909"},"modified":"2022-02-18T14:31:09","modified_gmt":"2022-02-18T13:31:09","slug":"am-radverkehrskonzept-beteiligen","status":"publish","type":"post","link":"https:\/\/www.gruene-mkk.de\/sl\/am-radverkehrskonzept-beteiligen\/","title":{"rendered":"Sodelujte v konceptu kolesarjenja"},"content":{"rendered":"<p><strong>Zelena parlamentarna skupina: Sodelujte v spletni anketi o ukrepih\/besedah, ki morajo slediti ukrepom<\/strong><\/p>\n\n\n\n<!--more-->\n\n\n\n<p>Skupina Zelenih poziva dr\u017eavljane in dr\u017eavljanke v okro\u017eju, naj sodelujejo pri spletnem glasovanju o konceptu kolesarjenja: \"Do konca februarja bomo imeli prilo\u017enost oceniti in komentirati pribli\u017eno 300 ukrepov,\" je dejal Bernd Wietzorek, \u010dlan Odbora za promet in okolje.<\/p>\n\n\n\n<p>Za Wietzorek je jasno, da se bo mobilnost v prihodnjih letih spremenila. Kolesarjenje bo postajalo vse pomembnej\u0161e.\u201c V zadnjih letih je postalo jasno, \u201eda je na tem obmo\u010dju \u0161e veliko mo\u017enosti za izbolj\u0161ave. Velika koalicija v krogu \u0161e vedno ma\u010dehasto pristopa h kolesarjenju, namesto da bi pokazala konkretno voljo za njegovo izvajanje.\u201c Zato je skupina zdaj zadovoljna z udele\u017ebo dr\u017eavljanov: \u201ePrvi dnevi so pokazali, da se veliko ljudi zanima za dejavno sodelovanje v obse\u017eni mre\u017ei kolesarskih poti v okro\u017eju.\u201c<\/p>\n\n\n\n<p>Ocene na spletnem portalu dajejo prednost predlogom ukrepov, ki jih je pripravil urad za na\u010drtovanje \u201eRV-K\u201c iz Frankfurta. Poleg tega je za vsak predlog na voljo opis in slike. Do 28. februarja se ukrepi lahko <a href=\"http:\/\/www.radverkehrskonzept-mkk.de\">www.radverkehrskonzept-mkk.de<\/a> za glasovanje.<\/p>\n\n\n\n<p>\"Kot Zeleni smo \u017ee leta 2017 pozvali k konceptu kolesarske poti,\" pojasnjuje Wietzorek. \u201ePrva razli\u010dica, ki jo je nato pripravil krog, je vsebovala 90 ukrepov, od katerih doslej \u0161e niso bili izvedeni.\u201c Nato je bil naro\u010den drugi celostni pristop: \u201eUpamo, da velika napoved kroga za oblikovanje celostnega kolesarskega koncepta ne bo ostala le napoved, temve\u010d da bodo predlogi in glasovi dr\u017eavljanov privedli tudi do konkretnih ukazov za ukrepanje in gradbene ukrepe.\u201c<\/p>\n\n\n\n<p>Zeleni v okro\u017eju in ob\u010dinah s \u0161tevilnimi ukrepi \u017ee podpirajo konkretne spremembe v prometu: \u201eMed drugim je bil organiziran skupni dogodek z lokalnimi zdru\u017eenji iz Biebergem\u00fcnda, W\u00e4chtersbacha in Bad Orba s Karin M\u00fcller, podpredsednico de\u017eelnega zbora, o prometni tranziciji v Hessnu. Razpravljalo se je o \u0161tevilnih mo\u017enostih za spodbujanje spremembe podnebju prijazne mobilnosti na terenu. Podpiramo tudi referendum VCD Hessen \u201eVerkehrswende in Hessen\u201c, ki poteka pod <a href=\"http:\/\/www.verkehrswende-hessen.de\">www.verkehrswende-hessen.de<\/a> se lahko podpi\u0161e.\u201c<\/p>\n\n\n\n<p>Za konkretno izvajanje mora velika koalicija temeljito premisliti tudi o znesku 300 000 EUR, predvidenem v prora\u010dunu: \u201eKljub subvencijam dr\u017eave in zvezne vlade se dr\u017eava Main-Kinzig-Kreis ne bo mogla izogniti porabi denarja za ukrepe na podro\u010dju kolesarskih poti. Z zneskom, dolo\u010denim v gospodinjstvu, veliki skoki niso mogo\u010di. Zdaj pri\u010dakujemo, da bodo napovedim sledile akcije,\" je zaklju\u010dil Wietzorek.<\/p>\n\n\n\n<p><\/p>\n\n\n\n<hr class=\"wp-block-separator\"\/>\n\n\n\n<p>Poizvedbe na naslov:<\/p>\n\n\n\n<p>Jakob M\u00e4hler<br>Generalni direktor skupine<br>Zveza 90 \/ Zeleni Main-Kinzig<br>06181\/61596<br>0176\/46763336<br>fraktion@gruene-mkk.de<\/p>","protected":false},"excerpt":{"rendered":"<p>Zelena parlamentarna skupina: Sodelujte v spletni anketi o ukrepih\/besedah, ki morajo slediti ukrepom<\/p>","protected":false},"author":-1,"featured_media":0,"comment_status":"open","ping_status":"open","sticky":false,"template":"","format":"standard","meta":{"footnotes":""},"categories":[2],"tags":[],"class_list":["post-909","post","type-post","status-publish","format-standard","hentry","category-newskreistagsfraktion"],"_links":{"self":[{"href":"https:\/\/www.gruene-mkk.de\/sl\/wp-json\/wp\/v2\/posts\/909","targetHints":{"allow":["GET"]}}],"collection":[{"href":"https:\/\/www.gruene-mkk.de\/sl\/wp-json\/wp\/v2\/posts"}],"about":[{"href":"https:\/\/www.gruene-mkk.de\/sl\/wp-json\/wp\/v2\/types\/post"}],"author":[{"embeddable":true,"href":"https:\/\/www.gruene-mkk.de\/sl\/wp-json\/wp\/v2\/users\/5"}],"replies":[{"embeddable":true,"href":"https:\/\/www.gruene-mkk.de\/sl\/wp-json\/wp\/v2\/comments?post=909"}],"version-history":[{"count":1,"href":"https:\/\/www.gruene-mkk.de\/sl\/wp-json\/wp\/v2\/posts\/909\/revisions"}],"predecessor-version":[{"id":910,"href":"https:\/\/www.gruene-mkk.de\/sl\/wp-json\/wp\/v2\/posts\/909\/revisions\/910"}],"wp:attachment":[{"href":"https:\/\/www.gruene-mkk.de\/sl\/wp-json\/wp\/v2\/media?parent=909"}],"wp:term":[{"taxonomy":"category","embeddable":true,"href":"https:\/\/www.gruene-mkk.de\/sl\/wp-json\/wp\/v2\/categories?post=909"},{"taxonomy":"post_tag","embeddable":true,"href":"https:\/\/www.gruene-mkk.de\/sl\/wp-json\/wp\/v2\/tags?post=909"}],"curies":[{"name":"wp","href":"https:\/\/api.w.org\/{rel}","templated":true}]}}