{"id":902,"date":"2022-02-11T14:18:04","date_gmt":"2022-02-11T13:18:04","guid":{"rendered":"https:\/\/www.gruene-mkk.de\/?p=902"},"modified":"2022-02-11T14:18:04","modified_gmt":"2022-02-11T13:18:04","slug":"holger-fischer-als-rechtlicher-betreuer-nicht-mehr-tragbar","status":"publish","type":"post","link":"https:\/\/www.gruene-mkk.de\/sl\/holger-fischer-als-rechtlicher-betreuer-nicht-mehr-tragbar\/","title":{"rendered":"Holger Fischer ni ve\u010d pravni svetovalec"},"content":{"rendered":"<p><strong>Zadeve v zvezi z oskrbo je treba umakniti \/ veselje nad sodbo vi\u0161jega de\u017eelnega sodi\u0161\u010da v Frankfurtu<\/strong><em> \u00a0<\/em><\/p>\n\n\n\n<!--more-->\n\n\n\n<p>\"Zadovoljni smo z jasno sodbo vi\u0161jega de\u017eelnega sodi\u0161\u010da v Frankfurtu proti lokalnemu lateralnemu mislecu Imkeju Ottu,\" pravi parlamentarni odbor Zelenih Main-Kinzig, Reiner Bousonville, Viola Ha\u00dfdenteufel in Jakob M\u00e4hler. Vi\u0161je de\u017eelno sodi\u0161\u010de je prej\u0161njo sredo zavrnilo predhodne odredbe pobudnice \u201eAllianz pro Grundgesetz\u201c zaradi domnevnih obrekljivih izjav proti predsednikom zdru\u017eenja \u201eHand aufs Herz\u201c, Juliji Hott in Alexu Schopbachu: \u201eTo jasno ka\u017ee, da je pristojnost tudi za jasnimi besedami, ki so potrebne v teh \u010dasih.\u201c<\/p>\n\n\n\n<p>Naknadna izjava bo\u010dne skupine mislecev, da jo je sodi\u0161\u010de razglasilo za \u201ebrez ptic\u201c, je bila grozljiva: \u201eTo ponovno ka\u017ee na izkrivljanje dejstev ter vklju\u010ditev zgodovine in simbolike, kar je zna\u010dilno za stransko misle\u010do skupino \u201aAlliance pro Grundgesetz\u2018,\u201c je dejal izvr\u0161ni direktor parlamentarne skupine.<\/p>\n\n\n\n<p>V rednih demonstracijah proti ukrepom proti koroni vodi tudi odvetnik Hanau Holger Fischer. Okro\u017ena parlamentarna skupina se zdaj z veliko zaskrbljenostjo odziva na poro\u010dilo Hessenschau, v skladu s katerim naj bi Fischer zavrnil potrebna cepljenja proti koronavirusu dvema osebama, ki sta mu bili zaupani v pravno oskrbo.<\/p>\n\n\n\n<p>Fischer \u017ee vrsto let naro\u010data okro\u017eno sodi\u0161\u010de v Hanauu in upravni organ okro\u017eja kot zakoniti skrbnik za odrasle osebe, ki ne morejo ali ne morejo ve\u010d samostojno in neodvisno opravljati svojih osebnih pravnih poslov. V skladu s poro\u010dilom Hessenschau je trenutno sam pravno odgovoren za 79 primerov oskrbe, za katere nosi veliko odgovornost kot zakoniti skrbnik in mora vedno upo\u0161tevati dobro po\u010dutje svojih strank s stalnimi in rednimi stiki.<\/p>\n\n\n\n<p>\"Dejstvo, da je 79 ljudi v okro\u017eju Main-Kinzig zaupal odvetniku iz Hanauja Holgerju Fischerju, ki je eden od vodilnih umov v stranskem gibanju mislecev na obmo\u010dju Rena-Majna in je bil opa\u017een zaradi primerov vpliva cepljenja, je treba temeljito vpra\u0161ati,\" je dejal Bousonville, Ha\u00dfdenteufel in M\u00e4hler.<\/p>\n\n\n\n<p>Po navedbah iz Hessenschaujevega poro\u010dila ima Fischer na Telegramu pribli\u017eno 26 000 sledilcev in govori o cepljenju proti koronavirusu z \u201egenocidom\u201c ter poziva dr\u017eavo, naj \u201ehudi\u201c. Odvetnik je v Telegramu pisal o politikih: \u201eAli ste nas do takrat ubili s svojimi dejanji in injekcijami ali pa ste sami postali njihova \u017ertev. Neposredno ali posredno.\u201c&nbsp;<\/p>\n\n\n\n<p>\"Te izjave so nesprejemljive za odvetnika, ki skrbi za 79 oseb,\" je dejalo predsedstvo skupine. \u201e\u010ceprav je treba pozdraviti, da se je okro\u017eno sodi\u0161\u010de v Hanauu odlo\u010dilo, da Fischerju ne bo dodelilo novih pooblastil za pravno podporo, je nujno, da okro\u017eno in okro\u017eno sodi\u0161\u010de zagotovita re\u0161itev za \u0161e vedno obstoje\u010da pooblastila za podporo in ugotovita, ali so obstajali in \u0161e vedno obstajajo drugi primeri nadzora nad cepljenjem. Izjava okro\u017eja, da se Fischer ne sme ve\u010d predlagati za poklicnega svetovalca, tu ne zadostuje.\u201c Skupina Zelenih podpira izjavo \u017eupana Hanauja Clausa Kaminskyja, da bo primer prijavil odvetni\u0161ki zbornici in po potrebi vlo\u017eil prito\u017ebo proti Fischerju, \u010de \u0161e ni bila vlo\u017eena: \u201eTo so jasne besede, ki jih krog tukaj spet pogre\u0161a v zvezi z dejavnostmi stranskih mislecev.\u201c&nbsp;&nbsp;<\/p>\n\n\n\n<p>Za vodjo skupine se zdi, da odgovorna zdravstvena oskrba ne obstaja ve\u010d v primerih oskrbe odvetnika Fischerja, ki temelji na njegovi osebi in opravljanju nalog, ki so mu bile dodeljene za sodi\u0161\u010de za oskrbo: \u201eV tem primeru obstaja mo\u017enost zahtevati nadzor. To bi morali zahtevati ne le nadzorovane osebe in njihovi sorodniki, temve\u010d predvsem pristojno nadzorno sodi\u0161\u010de v sodelovanju z nadzornim organom okro\u017eja. Zagotoviti morajo, da se teko\u010di primeri oskrbe umaknejo, tako da so ranljive in vzdr\u017eevane osebe vedno dobro oskrbovane in vklju\u010dene v odlo\u010ditev o cepljenju, pri \u010demer se upo\u0161teva njihova svobodna volja. Vendar bi bilo verjetno najbolje, da bi \u010dim prej na\u0161li nove oskrbovalce za skoraj 80 ljudi, \"zaklju\u010duje Bousonville, Ha\u00dfdenteufel in M\u00e4hler.<\/p>","protected":false},"excerpt":{"rendered":"<p>Zadeve v zvezi z oskrbo je treba umakniti \/ veselje nad sodbo vi\u0161jega de\u017eelnega sodi\u0161\u010da v Frankfurtu \u00a0<\/p>","protected":false},"author":-1,"featured_media":770,"comment_status":"open","ping_status":"open","sticky":false,"template":"","format":"standard","meta":{"footnotes":""},"categories":[2],"tags":[],"class_list":["post-902","post","type-post","status-publish","format-standard","has-post-thumbnail","hentry","category-newskreistagsfraktion"],"_links":{"self":[{"href":"https:\/\/www.gruene-mkk.de\/sl\/wp-json\/wp\/v2\/posts\/902","targetHints":{"allow":["GET"]}}],"collection":[{"href":"https:\/\/www.gruene-mkk.de\/sl\/wp-json\/wp\/v2\/posts"}],"about":[{"href":"https:\/\/www.gruene-mkk.de\/sl\/wp-json\/wp\/v2\/types\/post"}],"author":[{"embeddable":true,"href":"https:\/\/www.gruene-mkk.de\/sl\/wp-json\/wp\/v2\/users\/5"}],"replies":[{"embeddable":true,"href":"https:\/\/www.gruene-mkk.de\/sl\/wp-json\/wp\/v2\/comments?post=902"}],"version-history":[{"count":1,"href":"https:\/\/www.gruene-mkk.de\/sl\/wp-json\/wp\/v2\/posts\/902\/revisions"}],"predecessor-version":[{"id":903,"href":"https:\/\/www.gruene-mkk.de\/sl\/wp-json\/wp\/v2\/posts\/902\/revisions\/903"}],"wp:featuredmedia":[{"embeddable":true,"href":"https:\/\/www.gruene-mkk.de\/sl\/wp-json\/wp\/v2\/media\/770"}],"wp:attachment":[{"href":"https:\/\/www.gruene-mkk.de\/sl\/wp-json\/wp\/v2\/media?parent=902"}],"wp:term":[{"taxonomy":"category","embeddable":true,"href":"https:\/\/www.gruene-mkk.de\/sl\/wp-json\/wp\/v2\/categories?post=902"},{"taxonomy":"post_tag","embeddable":true,"href":"https:\/\/www.gruene-mkk.de\/sl\/wp-json\/wp\/v2\/tags?post=902"}],"curies":[{"name":"wp","href":"https:\/\/api.w.org\/{rel}","templated":true}]}}