{"id":900,"date":"2022-02-11T10:41:04","date_gmt":"2022-02-11T09:41:04","guid":{"rendered":"https:\/\/www.gruene-mkk.de\/?p=900"},"modified":"2024-09-05T14:45:15","modified_gmt":"2024-09-05T12:45:15","slug":"schnellstmoeglich-umfassende-digitale-loesung-schaffen","status":"publish","type":"post","link":"https:\/\/www.gruene-mkk.de\/sl\/schnellstmoeglich-umfassende-digitale-loesung-schaffen\/","title":{"rendered":"\u010cimprej\u0161nja vzpostavitev celovite digitalne re\u0161itve"},"content":{"rendered":"<p><strong>Sledenje stikom in poro\u010danje o primerih korone v \u0161olah na \u0161tevilnih mestih \u0161e vedno delujeta podobno<\/strong><\/p>\n\n\n\n<!--more-->\n\n\n\n<p>\u201e\u0160ole v okro\u017eju Main-Kinzig je treba hitreje digitalizirati, da bi se lahko bolje spoprijeli z izzivi pandemije koronavirusa z vsemi njenimi razli\u010dicami in njihovimi stranskimi u\u010dinki,\u201c pravi Matthias Zach, predstavnik za izobra\u017eevalno politiko poslanske skupine Zelenih v okro\u017eju Main-Kinzig. Ozadje zahtevka skupine Verts\/ALE so obrazci, ki jih je treba \u0161e ro\u010dno izpolniti za sledenje stikom in poro\u010danje o primerih koronavirusa.<\/p>\n\n\n\n<p>\u201eCelovit sistem sledenja in poro\u010danja je in bo ostal pomemben,\u201c pojasnjuje Zach. Ne posodablja se ve\u010d, \u010de takih poro\u010dil ni mogo\u010de digitalno dati na voljo zdravstvenemu organu v okro\u017eju Main-Kinzig: \"V trenutnih razmerah oku\u017ebe je treba tak\u0161ne ovire \u010dim prej odstraniti, tudi zato, da bi lahko ohranili delovanje okrajne uprave na drugih podro\u010djih.\" To je klju\u010dnega pomena tudi za prihodnje naloge.<\/p>\n\n\n\n<p>Tukaj Zach ne vidi \u0161ol, ampak lastnik \u0161ole v odgovornosti: \u201eNa \u017ealost za\u010deta ofenziva digitalizacije v \u0161tevilnih razredih v krogu \u0161e vedno ni dosegla celovite ravni. Poleg tabel in razredov iPad to vklju\u010duje tudi digitalizacijo sledenja in poro\u010danja o primerih koronavirusa v omre\u017eju razredov.\u201c To je \u017ee neuspe\u0161no v zdravstveni pisarni, ki takih digitalnih informacij ne more obdelati: \u201eZdravstvenim organom in \u0161olam, zlasti \u0161olskim tajni\u0161tvom, je treba zagotoviti pogoje za digitalno bele\u017eenje in uporabo prejetih poro\u010dil vsak dan.\u201c<\/p>\n\n\n\n<p>To bi tudi razbremenilo vodstvene delavce \u0161ol in u\u010ditelje, ki si zelo prizadevajo za \u0161e vedno analogno sledenje stikom. Zach zato poziva krog, naj \"\u010dim prej ustvari to dodatno digitalno re\u0161itev.\" Kar je digitalno mogo\u010de na podro\u010dju presejanja otro\u0161kih zob v \u0161olah in vrtcih, je nujno treba raz\u0161iriti na poro\u010dila o oku\u017eenih s koronavirusom. \u201ePandemija je jasno pokazala materialne in kvalitativne pomanjkljivosti digitalne infrastrukture v okro\u017eju Main-Kinzig. Ti vklju\u010dujejo delo v zdravstvenih organih, mo\u017enosti dela od doma in pou\u010devanje na domu,\u201c je dejal tiskovni predstavnik za izobra\u017eevalno politiko.<\/p>\n\n\n\n<p>\u201ePrizadevanja za celovito digitalizacijo okro\u017eja Main-Kinzig na vseh podro\u010djih in ne le za omogo\u010danje hitrega interneta za vse, temve\u010d tudi za njegovo razumno in delovno var\u010dno uporabo, morajo ohraniti zagon, ki so ga imeli v \u010dasu koalicije Zelenih skupaj s SPD in svobodnimi volivci ter pod Landratom Erichom Pipo. \u017dal sedanji nosilci odlo\u010danja prepo\u010dasi pristopajo k celotnemu potencialu in ga zato ne izkori\u0161\u010dajo v celoti,\u00ab zaklju\u010duje Zach.<\/p>\n\n\n\n<hr class=\"wp-block-separator\"\/>\n\n\n\n<p>Poizvedbe na naslov:<\/p>\n\n\n\n<p>Jakob M\u00e4hler<br>Generalni direktor skupine<br>Zveza 90 \/ Zeleni Main-Kinzig<\/p>\n\n\n\n<p>06181\/61596<br>0176\/46763336<\/p>\n\n\n\n<p>fraktion@gruene-mkk.de<\/p>","protected":false},"excerpt":{"rendered":"<p>Sledenje stikom in poro\u010danje o primerih korone v \u0161olah na \u0161tevilnih mestih \u0161e vedno delujeta podobno<\/p>","protected":false},"author":-1,"featured_media":0,"comment_status":"open","ping_status":"open","sticky":false,"template":"","format":"standard","meta":{"footnotes":""},"categories":[2],"tags":[],"class_list":["post-900","post","type-post","status-publish","format-standard","hentry","category-newskreistagsfraktion"],"_links":{"self":[{"href":"https:\/\/www.gruene-mkk.de\/sl\/wp-json\/wp\/v2\/posts\/900","targetHints":{"allow":["GET"]}}],"collection":[{"href":"https:\/\/www.gruene-mkk.de\/sl\/wp-json\/wp\/v2\/posts"}],"about":[{"href":"https:\/\/www.gruene-mkk.de\/sl\/wp-json\/wp\/v2\/types\/post"}],"author":[{"embeddable":true,"href":"https:\/\/www.gruene-mkk.de\/sl\/wp-json\/wp\/v2\/users\/5"}],"replies":[{"embeddable":true,"href":"https:\/\/www.gruene-mkk.de\/sl\/wp-json\/wp\/v2\/comments?post=900"}],"version-history":[{"count":1,"href":"https:\/\/www.gruene-mkk.de\/sl\/wp-json\/wp\/v2\/posts\/900\/revisions"}],"predecessor-version":[{"id":901,"href":"https:\/\/www.gruene-mkk.de\/sl\/wp-json\/wp\/v2\/posts\/900\/revisions\/901"}],"wp:attachment":[{"href":"https:\/\/www.gruene-mkk.de\/sl\/wp-json\/wp\/v2\/media?parent=900"}],"wp:term":[{"taxonomy":"category","embeddable":true,"href":"https:\/\/www.gruene-mkk.de\/sl\/wp-json\/wp\/v2\/categories?post=900"},{"taxonomy":"post_tag","embeddable":true,"href":"https:\/\/www.gruene-mkk.de\/sl\/wp-json\/wp\/v2\/tags?post=900"}],"curies":[{"name":"wp","href":"https:\/\/api.w.org\/{rel}","templated":true}]}}