{"id":886,"date":"2022-02-01T16:22:33","date_gmt":"2022-02-01T15:22:33","guid":{"rendered":"https:\/\/www.gruene-mkk.de\/?p=886"},"modified":"2022-02-01T16:22:33","modified_gmt":"2022-02-01T15:22:33","slug":"situation-unnoetig-verschaerft","status":"publish","type":"post","link":"https:\/\/www.gruene-mkk.de\/sl\/situation-unnoetig-verschaerft\/","title":{"rendered":"Nepotrebno poslab\u0161anje razmer"},"content":{"rendered":"<p><strong>Zelena parlamentarna skupina: Erlensee mora nujno vzeti novo osnovno \u0161olo \/ skrbi v Gro\u00dfkrotzenburgu resno<\/strong><\/p>\n\n\n\n<!--more-->\n\n\n\n<p>\"Razprava o razvoju \u0161ol v okro\u017eju Main-Kinzig, ki je prevladovala ve\u010d mesecev, in pomanjkanje odziva velike koalicije v obliki sprejetega na\u010drta za razvoj \u0161ol sta po nepotrebnem poslab\u0161ala razmere v Erlenseeju in Gro\u00dfkrotzenburgu,\" pravi Matthias Zach, tiskovni predstavnik za izobra\u017eevalno politiko politi\u010dne skupine Zelenih v okro\u017eju Main-Kinzig. Trenutno primanjkuje zmogljivosti v sektorju osnovnih \u0161ol v Erlenseeju in Gro\u00dfkrotzenburgu. \u201eRazmere se bodo v prihodnjih letih \u0161e poslab\u0161ale.\u201c<\/p>\n\n\n\n<p>Re\u0161itev za regijo Main-Kinzig-Kreis \u201ev skladu z na\u0161im trenutnim znanjem ni bila napredna. Namesto da bi javnosti predlagal konkretne re\u0161itve in sprejemal odlo\u010ditve v najkraj\u0161em mo\u017enem \u010dasu, se krog, kot pi\u0161e sam, ukvarja le z \u201eintenzivnimi razpravami\u201c, pravi Zach. \u201eVendar gradnja nove osnovne \u0161ole ni kon\u010dana v nekaj tednih, \u0161iritev \u0161ole Erlense na Eulenhof, o kateri se je razpravljalo, pa ne poteka iz dneva v dan.\u201c Zdaj je mogo\u010de predvideti, kdaj in kako veliko bo povpra\u0161evanje v prihodnjih letih.<\/p>\n\n\n\n<p>\"Obi\u010dajno na\u010drt za razvoj \u0161ole zagotavlja te odgovore in ka\u017ee okrajnemu svetu konkretne ukrepe za prihodnja leta,\" pravi Renate Tonecker-B\u00f6s, \u010dlanica okro\u017enega sveta v Erlenseju. Razvojni na\u010drt \u0161ole, ki naj bi bil sprejet za leta od leta 2021, je v dolgu \u017ee ve\u010d kot eno leto, Winfried Ottmann, potem ko je bila prva razli\u010dica zavrnjena zaradi napak v vsebini \u0161olske politike, napa\u010dnih \u0161tevilk in opustitev ter napak pri \u010drkovanju in oblikovanju v okro\u017enem svetu. \u201eTo pomanjkanje mo\u017enosti in posledi\u010dno neukrepanje v okviru razvoja \u0161ol morata zdaj kopati u\u010dence in zlasti star\u0161e v Erlenseeju, \u010de ni ve\u010d dovolj osnovnih \u0161ol. Ker bodo v naslednjih dveh do treh letih potrebni do trije novi razredni vlaki.\u201c Dokler ne bo ozkega grla, je le vpra\u0161anje \u010dasa, pravi Tonecker-B\u00f6s.<\/p>\n\n\n\n<p>Isti problem je zdaj mogo\u010de opaziti tudi drugje. \u201eNe le v Erlenseeju, temve\u010d tudi v osnovni \u0161oli v Gro\u00dfkrotzenburgu je mest vse manj,\u201c pravi Lucas B\u00e4uml, kandidat za zelenega \u017eupana Gro\u00dfkrotzenburga. Tam se bo \u0161tevilo dru\u017ein, ki uveljavljajo svojo zakonsko pravico do oskrbe s polnim delovnim \u010dasom, pove\u010dalo s sedanjih 30 na pribli\u017eno 150 v letu 2029: \u201eTo pomeni, da je treba okrepiti tudi obstoje\u010de zmogljivosti. O\u010ditno pogre\u0161am k re\u0161itvam usmerjeno podporo ob\u010dine s strani Main-Kinzig-Kreis kot promotorja \u0161ole\", B\u00e4uml z zaskrbljenostjo gleda na prej\u0161nji odnos okro\u017eja, da bi obstoje\u010de u\u010dilnice zadostovale za izvajanje \u0161olskega varstva.<\/p>\n\n\n\n<p>Okro\u017ena parlamentarna skupina je zato Main-Kinzig-Kreisu zastavila katalog vpra\u0161anj. \"Med drugim bi radi vedeli, kako dolgo se dol\u017enik zaveda pomanjkanja povpra\u0161evanja v Erlenseeju in Gro\u00dfkrotzenburgu in kak\u0161ni konkretni ukrepi so bili od takrat sprejeti,\" je dejal Zach. \u201ePoleg tega \u017eelimo konkretno izjavo uprave o tem, kdaj bi bilo mogo\u010de dokon\u010dati nove osnovne \u0161ole in kak\u0161na je re\u0161itev za izterjevalca dolgov, \u010de nova stavba ne bi bila pravo\u010dasno realizirana.\u201c<\/p>\n\n\n\n<p>Okro\u017ena parlamentarna skupina postavlja tudi vpra\u0161anje razvojnega na\u010drta \u0161ole: \u201e\u017delimo vedeti, kdaj bo to kon\u010dno predlo\u017eeno v svetovanje pristojnim organom in ali se bodo tam poleg osnovne \u0161ole v Erlenseeju spodbujale nove stavbe.\u201c<\/p>\n\n\n\n<p>To niso edine teme, o katerih krog trenutno ne daje izjav. \u201eZato je oprema celodnevnih \u0161ol, ki jo dolo\u010di okro\u017eni svet, prav tako<\/p>\n\n\n\n<p>s kavarno in raz\u0161iritvijo gimnasti\u010dne ponudbe v Westkreisu, ki je del na\u0161ega obse\u017enega kataloga vpra\u0161anj. Upamo, da bo to zagotovilo prepotrebne odgovore na aktualna vpra\u0161anja pri na\u010drtovanju \u0161olskega razvoja v okro\u017eju,\u00ab zaklju\u010duje Zach.<\/p>\n\n\n\n<hr class=\"wp-block-separator\"\/>\n\n\n\n<p>Poizvedbe na naslov:<\/p>\n\n\n\n<p>Jakob M\u00e4hler<br>Generalni direktor skupine<br>Zveza 90 \/ Zeleni Main-Kinzig<\/p>\n\n\n\n<p>06181\/61596<br>0176\/46763336<\/p>\n\n\n\n<p>fraktion@gruene-mkk.de<\/p>","protected":false},"excerpt":{"rendered":"<p>Zelena parlamentarna skupina: Erlensee mora nujno vzeti novo osnovno \u0161olo \/ skrbi v Gro\u00dfkrotzenburgu resno<\/p>","protected":false},"author":-1,"featured_media":0,"comment_status":"open","ping_status":"open","sticky":false,"template":"","format":"standard","meta":{"footnotes":""},"categories":[2],"tags":[],"class_list":["post-886","post","type-post","status-publish","format-standard","hentry","category-newskreistagsfraktion"],"_links":{"self":[{"href":"https:\/\/www.gruene-mkk.de\/sl\/wp-json\/wp\/v2\/posts\/886","targetHints":{"allow":["GET"]}}],"collection":[{"href":"https:\/\/www.gruene-mkk.de\/sl\/wp-json\/wp\/v2\/posts"}],"about":[{"href":"https:\/\/www.gruene-mkk.de\/sl\/wp-json\/wp\/v2\/types\/post"}],"author":[{"embeddable":true,"href":"https:\/\/www.gruene-mkk.de\/sl\/wp-json\/wp\/v2\/users\/5"}],"replies":[{"embeddable":true,"href":"https:\/\/www.gruene-mkk.de\/sl\/wp-json\/wp\/v2\/comments?post=886"}],"version-history":[{"count":1,"href":"https:\/\/www.gruene-mkk.de\/sl\/wp-json\/wp\/v2\/posts\/886\/revisions"}],"predecessor-version":[{"id":888,"href":"https:\/\/www.gruene-mkk.de\/sl\/wp-json\/wp\/v2\/posts\/886\/revisions\/888"}],"wp:attachment":[{"href":"https:\/\/www.gruene-mkk.de\/sl\/wp-json\/wp\/v2\/media?parent=886"}],"wp:term":[{"taxonomy":"category","embeddable":true,"href":"https:\/\/www.gruene-mkk.de\/sl\/wp-json\/wp\/v2\/categories?post=886"},{"taxonomy":"post_tag","embeddable":true,"href":"https:\/\/www.gruene-mkk.de\/sl\/wp-json\/wp\/v2\/tags?post=886"}],"curies":[{"name":"wp","href":"https:\/\/api.w.org\/{rel}","templated":true}]}}