{"id":875,"date":"2022-01-28T15:36:02","date_gmt":"2022-01-28T14:36:02","guid":{"rendered":"https:\/\/www.gruene-mkk.de\/?p=875"},"modified":"2022-01-28T15:36:02","modified_gmt":"2022-01-28T14:36:02","slug":"gruene-freuen-sich-ueber-verbot-von-atommuelllagerung-in-hanau","status":"publish","type":"post","link":"https:\/\/www.gruene-mkk.de\/sl\/gruene-freuen-sich-ueber-verbot-von-atommuelllagerung-in-hanau\/","title":{"rendered":"Zeleni pozdravljajo prepoved skladi\u0161\u010denja jedrskih odpadkov v Hanauu"},"content":{"rendered":"<p><strong>prelomna sodba \/ netrajnostna jedrska energija<\/strong><\/p>\n\n\n\n<!--more-->\n\n\n\n<p>\u201eZadovoljni smo s sodbo zveznega upravnega sodi\u0161\u010da v Leipzigu,\u201c je dejala Viola Ha\u00dfdenteufel, tiskovna predstavnica okro\u017enega izvr\u0161nega odbora stranke Zeleni Main-Kinzig in namestnica predsednice parlamentarne skupine okro\u017enega parlamentarnega odbora. \u201ePrej\u0161nji torek je bilo odlo\u010deno, da se radioaktivni odpadki ne smejo skladi\u0161\u010diti na komercialnih obmo\u010djih.\u201c<\/p>\n\n\n\n<p>Podlaga za to sodbo je bila na\u010drtovana \u0161iritev za\u010dasnega skladi\u0161\u010da v industrijskem parku Hanau: \u201eBundesverwaltungsgericht (zvezno upravno sodi\u0161\u010de) je pojasnilo, da radioaktivni odpadki na komercialnem obmo\u010dju niso dovoljeni. Ta sodba je izjemno pomembna dale\u010d onkraj mesta Hanau.\u201c<\/p>\n\n\n\n<p>Ha\u00dfdenteufel poudarja, da je bila raz\u0161iritev za\u010dasnega tabori\u0161\u010da s strani Kreisverbanda in frakcije Kreistag vedno zavrnjena: \u201eUpravno sodi\u0161\u010de je leta 2018 odlo\u010dilo v korist dru\u017ebe Daher in podalj\u0161anje \u0161telo za dopustno. Z nujnim predlogom v okro\u017enem svetu smo nato opozorili na to sodbo in zahtevali, da okro\u017eje podpre mesto Hanau pri vlo\u017eitvi prito\u017ebe in nadaljnji zavrnitvi.\u201c<\/p>\n\n\n\n<p>S sedanjim sklepom je bilo dokon\u010dno pojasnjeno, \u201eda se lahko kakr\u0161no koli na\u010drtovanje za\u010dasnega skladi\u0161\u010da jedrskih odpadkov na industrijskih obmo\u010djih zavrne. Prav v zvezi z nadaljnjim nere\u0161enim vpra\u0161anjem kon\u010dnega odlaganja jedrskih odpadkov in iskanja nadaljnjih za\u010dasnih skladi\u0161\u010d je bila tu ustvarjena jasnost,\u201c pravi Ha\u00dfdenteufel.<\/p>\n\n\n\n<p>\u201eZeleni se \u017ee od ustanovitve v okro\u017eju Main-Kinzig zavzemajo za trajnostno oskrbo z energijo in proti uporabi jedrske energije ter podpirajo protijedrsko gibanje.\u201c Najkasneje po neustreznem ravnanju podjetij v nekdanji regiji \u201eAtomdorf\u201c in \u201eSuper Gau\u201c v \u010cernobilu je jasno, da jedrske elektrarne predstavljajo tveganje in nikakor niso trajnostne. \u201eV zvezi s tem odlo\u010dno zavra\u010damo zamisel, da bi morala biti jedrska energija v Evropski uniji opredeljena kot trajnostna.\u201c<\/p>\n\n\n\n<p>Okro\u017eno zdru\u017eenje in parlamentarna skupina Zelenih Main-Kinzig zdaj upata, da se bo \u0161iritev obratov, ki proizvajajo energijo iz obnovljivih virov, ponovno pospe\u0161ila: \"To nam bo omogo\u010dilo, da zagotovimo resni\u010dno trajnostno oskrbo z energijo,\" zaklju\u010duje Ha\u00dfdenteufel.<\/p>\n\n\n\n<p><\/p>\n\n\n\n<hr class=\"wp-block-separator\"\/>\n\n\n\n<p>Poizvedbe na naslov:<\/p>\n\n\n\n<p>Jakob M\u00e4hler<br>Generalni direktor skupine<br>Zveza 90 \/ Zeleni Main-Kinzig<\/p>\n\n\n\n<p>06181\/61596<br>0176\/46763336<\/p>\n\n\n\n<p>fraktion@gruene-mkk.de<\/p>","protected":false},"excerpt":{"rendered":"<p>prelomna sodba \/ netrajnostna jedrska energija<\/p>","protected":false},"author":-1,"featured_media":0,"comment_status":"open","ping_status":"open","sticky":false,"template":"","format":"standard","meta":{"footnotes":""},"categories":[1,2],"tags":[],"class_list":["post-875","post","type-post","status-publish","format-standard","hentry","category-allgemein","category-newskreistagsfraktion"],"_links":{"self":[{"href":"https:\/\/www.gruene-mkk.de\/sl\/wp-json\/wp\/v2\/posts\/875","targetHints":{"allow":["GET"]}}],"collection":[{"href":"https:\/\/www.gruene-mkk.de\/sl\/wp-json\/wp\/v2\/posts"}],"about":[{"href":"https:\/\/www.gruene-mkk.de\/sl\/wp-json\/wp\/v2\/types\/post"}],"author":[{"embeddable":true,"href":"https:\/\/www.gruene-mkk.de\/sl\/wp-json\/wp\/v2\/users\/5"}],"replies":[{"embeddable":true,"href":"https:\/\/www.gruene-mkk.de\/sl\/wp-json\/wp\/v2\/comments?post=875"}],"version-history":[{"count":3,"href":"https:\/\/www.gruene-mkk.de\/sl\/wp-json\/wp\/v2\/posts\/875\/revisions"}],"predecessor-version":[{"id":879,"href":"https:\/\/www.gruene-mkk.de\/sl\/wp-json\/wp\/v2\/posts\/875\/revisions\/879"}],"wp:attachment":[{"href":"https:\/\/www.gruene-mkk.de\/sl\/wp-json\/wp\/v2\/media?parent=875"}],"wp:term":[{"taxonomy":"category","embeddable":true,"href":"https:\/\/www.gruene-mkk.de\/sl\/wp-json\/wp\/v2\/categories?post=875"},{"taxonomy":"post_tag","embeddable":true,"href":"https:\/\/www.gruene-mkk.de\/sl\/wp-json\/wp\/v2\/tags?post=875"}],"curies":[{"name":"wp","href":"https:\/\/api.w.org\/{rel}","templated":true}]}}