{"id":806,"date":"2021-12-16T16:29:05","date_gmt":"2021-12-16T15:29:05","guid":{"rendered":"https:\/\/www.alles-bleibt-anders.org\/?p=806"},"modified":"2021-12-16T16:33:06","modified_gmt":"2021-12-16T15:33:06","slug":"buergermeisterkandidat-fuer-grosskrotzenburg","status":"publish","type":"post","link":"https:\/\/www.gruene-mkk.de\/sl\/buergermeisterkandidat-fuer-grosskrotzenburg\/","title":{"rendered":"kandidat za \u017eupana Gro\u00dfkrotzenburga"},"content":{"rendered":"<p>Lucas B\u00e4uml<\/p>\n\n\n\n<!--more-->\n\n\n\n<p>Lucas B\u00e4uml je bil tiskovni predstavnik skupine Zelenih Krotzeboj in \u010dlan<br>Zastopanost lahko \u017ee pridobi ve\u010dletne intenzivne izku\u0161nje v lokalni politiki. Zaradi svoje odprtosti, zanesljivosti in sposobnosti zdru\u017eevanja razli\u010dnih stali\u0161\u010d u\u017eiva spo\u0161tovanje in spo\u0161tovanje v politi\u010dnih organih. Kljub temu se ne boji izraziti svojega stali\u0161\u010da ali poimenovati obstoje\u010dih problemov, ampak vedno v povezavi s konstruktivnimi predlogi za re\u0161itve. V okviru svoje politi\u010dne dejavnosti ima svojo vizijo prihodnosti Gro\u00dfkrotzenburga.<br>ki bo podrobneje predstavljen v prihodnjih tednih in med temi tremi<br>Teme<\/p>\n\n\n\n<p><br>Gro\u00dfkrotzenburg \u2013 \u017eivahno za mlade in starej\u0161e<br>Gro\u00dfkrotzenburg \u2013 Ukrepi proti podnebnim spremembam<br>Gro\u00dfkrotzenburg \u2013 blizu dr\u017eavljanom in u\u010dinkovita<br><\/p>\n\n\n\n<p>lahko povzamemo.<br><\/p>\n\n\n\n<p>\u201eVrniti \u017eelim gibanje v na\u0161o skupnost in kon\u010dati kulturo, ki ne bo postala kultura,\u201c pojasnjuje Lucas B\u00e4uml. \u201eKot \u017eupan vidim svojo vlogo skrbnika, pionirja in mediatorja. Kot nekdo, ki omogo\u010da stvari.\u201c<\/p>\n\n\n\n<p><br>Premagovanje stagnacije v na\u0161i skupnosti in ponovno ustvarjanje perspektiv je dejanje mo\u010di, ki ga \u017eeli zajeziti. Za dosego tega cilja sta zanj pomembni dve stvari. Po eni strani je treba temeljito pregledati organizacijo nalog, kadrovsko strukturo in delovne metode ob\u010dinske uprave, pri \u010demer gre za zaposlene.<em>Odpelji ga noter. Lucas B\u00e4uml ima strokovno znanje in spretnosti, pridobljene z ve\u010d kot 10 leti poklicnih izku\u0161enj v poslovnem svetu. Po drugi strani pa \u017eeli ponovno vzpostaviti kolegialno sobivanje, ne le med \u017eupanom in ob\u010dinskim predstavnikom ter ob\u010dinskim odborom, temve\u010d tudi z ob\u010dani. \u201ePonovno odkritje te enotnosti je moj zastavljeni cilj. Rad bi vedel, kaj po\u010dnejo lokalni prebivalci, in rad bi se o tem pogovoril z njimi,\u201c pojasnjuje Lucas B\u00e4uml. Lucas B\u00e4uml \u017ee ima \u017eivahno izmenjavo z dr\u017eavljani<\/em>notranje zadeve, obrtnike in zdru\u017eenja ter se veseli \u0161tevilnih spodbud in predlogov ter nadaljnjega poglabljanja tega dialoga z dr\u017eavljani v prihodnosti.<br><\/p>\n\n\n\n<p>Lucas B\u00e4uml ponovno poudarja, da se \u201eGro\u00dfkrotzenburg na \u0161tevilnih podro\u010djih spreminja, kar je prilo\u017enost za pozitivne spremembe. Potreben je pogum, da se zru\u0161ijo nova tla. Na to sem vsekakor pripravljen.\" Lucas B\u00e4uml je dosegljiv na Facebooku in Instagramu ali po elektronski po\u0161ti na naslov buergermeister@lucas2022.de<\/p>\n\n\n\n<p><\/p>","protected":false},"excerpt":{"rendered":"<p>Lucas B\u00e4uml<\/p>","protected":false},"author":-1,"featured_media":807,"comment_status":"open","ping_status":"open","sticky":false,"template":"","format":"standard","meta":{"footnotes":""},"categories":[4],"tags":[],"class_list":["post-806","post","type-post","status-publish","format-standard","has-post-thumbnail","hentry","category-newsortsverbaende"],"_links":{"self":[{"href":"https:\/\/www.gruene-mkk.de\/sl\/wp-json\/wp\/v2\/posts\/806","targetHints":{"allow":["GET"]}}],"collection":[{"href":"https:\/\/www.gruene-mkk.de\/sl\/wp-json\/wp\/v2\/posts"}],"about":[{"href":"https:\/\/www.gruene-mkk.de\/sl\/wp-json\/wp\/v2\/types\/post"}],"author":[{"embeddable":true,"href":"https:\/\/www.gruene-mkk.de\/sl\/wp-json\/wp\/v2\/users\/2"}],"replies":[{"embeddable":true,"href":"https:\/\/www.gruene-mkk.de\/sl\/wp-json\/wp\/v2\/comments?post=806"}],"version-history":[{"count":2,"href":"https:\/\/www.gruene-mkk.de\/sl\/wp-json\/wp\/v2\/posts\/806\/revisions"}],"predecessor-version":[{"id":810,"href":"https:\/\/www.gruene-mkk.de\/sl\/wp-json\/wp\/v2\/posts\/806\/revisions\/810"}],"wp:featuredmedia":[{"embeddable":true,"href":"https:\/\/www.gruene-mkk.de\/sl\/wp-json\/wp\/v2\/media\/807"}],"wp:attachment":[{"href":"https:\/\/www.gruene-mkk.de\/sl\/wp-json\/wp\/v2\/media?parent=806"}],"wp:term":[{"taxonomy":"category","embeddable":true,"href":"https:\/\/www.gruene-mkk.de\/sl\/wp-json\/wp\/v2\/categories?post=806"},{"taxonomy":"post_tag","embeddable":true,"href":"https:\/\/www.gruene-mkk.de\/sl\/wp-json\/wp\/v2\/tags?post=806"}],"curies":[{"name":"wp","href":"https:\/\/api.w.org\/{rel}","templated":true}]}}