{"id":796,"date":"2021-11-26T18:35:00","date_gmt":"2021-11-26T17:35:00","guid":{"rendered":"https:\/\/www.alles-bleibt-anders.org\/?p=796"},"modified":"2021-12-09T18:35:58","modified_gmt":"2021-12-09T17:35:58","slug":"aenderungsantrag-zum-haushalt-geringere-erhoehung-der-kreisumlage","status":"publish","type":"post","link":"https:\/\/www.gruene-mkk.de\/sl\/aenderungsantrag-zum-haushalt-geringere-erhoehung-der-kreisumlage\/","title":{"rendered":"Sprememba prora\u010duna: Zni\u017eano pove\u010danje okrajne dajatve"},"content":{"rendered":"<p><strong>Okrajni svet odlo\u010di:&nbsp;&nbsp;&nbsp;&nbsp;&nbsp; &nbsp;&nbsp;&nbsp;&nbsp;&nbsp;<\/strong><\/p>\n\n\n\n<p>Stopnja odprave okrajne dajatve v prora\u010dunskem letu 2022 se bo pove\u010dala za 1,0 odstotka na 33,47 odstotka.<\/p>\n\n\n\n<p><strong>Obrazlo\u017eitveni memorandum:<\/strong><\/p>\n\n\n\n<p>Dr\u017eava Main-Kinzig-Kreis \u017ee leta izkazuje visoke prese\u017eke v obi\u010dajnem rezultatu, ki so bili bistveno vi\u0161ji od na\u010drtovanih v prej\u0161njih prora\u010dunskih letih.<\/p>\n\n\n\n<ul class=\"wp-block-list\"><li>V letu 2017 je bil na\u010drtovan 1 milijon evrov, v resnici pa je bilo 36 milijonov evrov.<\/li><li>V letu 2018 je bilo na\u010drtovanih 23 milijonov evrov, dejansko je bilo 53 milijonov evrov.<\/li><li>V letu 2019 je bilo na\u010drtovanih 22 milijonov evrov, kar je 48 milijonov evrov.<\/li><li>V letu 2020 je bilo na\u010drtovanih 15 milijonov evrov, dejansko pa bo pribli\u017eno 39 milijonov evrov.<\/li><\/ul>\n\n\n\n<p>Prese\u017eeni ra\u010dunovodski izkazi so prijetni in pomagajo pri nadaljnji konsolidaciji financ okro\u017eja Main-Kinzig. Po drugi strani pa bi realisti\u010dno na\u010drtovanje rezultatov tudi jasneje pokazalo obstoje\u010di finan\u010dni manevrski prostor.<\/p>\n\n\n\n<p>Z rebalansom prora\u010duna za leto 2021 je bil okro\u017eni pribitek zni\u017ean za 2,5 odstotka, da bi razbremenili lokalne oblasti v \u010dasu pandemije koronavirusa in nadaljnjo razbremenitev stro\u0161kov nastanitve (KdU) prenesli na lokalne oblasti.<\/p>\n\n\n\n<p>V sedanjem predlogu prora\u010duna je predvideno 2-odstotno pove\u010danje okrajne dajatve.<\/p>\n\n\n\n<p>Tako \u017eeli Main-Kinzig-Kreis dose\u010di obi\u010dajen letni rezultat v vi\u0161ini pribli\u017eno 15,9 milijona evrov v prora\u010dunu za prihodke in 278.681 evrov v finan\u010dnem prora\u010dunu. Po mnenju Landrata Thorstena Stolza tu ni manevrskega prostora in to pove\u010danje okrajne dajatve eno leto po zni\u017eanju je neizogibno.<\/p>\n\n\n\n<p>Hkrati okro\u017eje na\u010drtuje 26 novih delovnih mest za leto 2022, vklju\u010dno z 19 dodatnimi delovnimi mesti za javne uslu\u017ebence, kar bo zaradi pokojninskih dolo\u010db, ki jih je treba oblikovati, trajno finan\u010dno obremenilo okro\u017eje Main-Kinzig. Tukaj je treba upo\u0161tevati primere drugih okro\u017eij in ob\u010din, ki ne ustvarjajo in zasedajo ve\u010d novih uradnih polo\u017eajev. Namesto tega bi si bilo treba srednjero\u010dno prizadevati za zmanj\u0161anje ve\u010d kot 330 obstoje\u010dih delovnih mest javnih uslu\u017ebencev na potrebno raven.<\/p>\n\n\n\n<p>Za potrebne nalo\u017ebe v vi\u0161ini pribli\u017eno 55 milijonov EUR na pomembnih podro\u010djih, kot so \u0161ole, klinike in digitalizacija, je potreben nov neto dolg v vi\u0161ini pribli\u017eno 25 milijonov EUR. Na \u017ealost se pomembna nalo\u017ebena podro\u010dja, kot sta varstvo podnebja in gradnja kolesarskih poti, sploh ne pojavljajo v nalo\u017ebenem programu ali pa imajo le majhen obseg nalo\u017eb.<\/p>\n\n\n\n<p>Prilagoditev okrajne dajatve je zadnja mo\u017enost za odpravo odprtih vrzeli v financiranju, zato bi bilo treba uporabiti obstoje\u010de mo\u017enosti za prihranke, okrajno dajatev pa bi bilo treba pove\u010dati za najve\u010d eno odstotno to\u010dko.<\/p>\n\n\n\n<p>V prihodnjih letih bi moral biti cilj okro\u017eja izogniti se nadaljnjemu obremenjevanju ob\u010din in dati ve\u010dji pomen dejavniku konsolidacije prora\u010duna, da se ohrani sposobnost delovanja ne le v okro\u017eju, ampak tudi v ob\u010dinah okro\u017eja.<\/p>\n\n\n\n<p>To je zato, ker: Main-Kinzig-Kreis je predvsem zdru\u017eitev \u0161tevilnih ob\u010din, za katere imamo kot okro\u017eje dol\u017enost skrbnega ravnanja.<\/p>","protected":false},"excerpt":{"rendered":"<p>Okrajni svet odlo\u010di:\u00a0\u00a0\u00a0\u00a0\u00a0 \u00a0\u00a0\u00a0\u00a0\u00a0 Stopnja odprave okrajne dajatve v prora\u010dunskem letu 2022 se bo pove\u010dala za 1,0 odstotka na 33,47 odstotka. Obrazlo\u017eitveni memorandum: Okro\u017eje Main-Kinzig je imelo visoke prese\u017eke v [...]<\/p>","protected":false},"author":-1,"featured_media":0,"comment_status":"open","ping_status":"open","sticky":false,"template":"","format":"standard","meta":{"footnotes":""},"categories":[9],"tags":[],"class_list":["post-796","post","type-post","status-publish","format-standard","hentry","category-antraege-und-anfragen"],"_links":{"self":[{"href":"https:\/\/www.gruene-mkk.de\/sl\/wp-json\/wp\/v2\/posts\/796","targetHints":{"allow":["GET"]}}],"collection":[{"href":"https:\/\/www.gruene-mkk.de\/sl\/wp-json\/wp\/v2\/posts"}],"about":[{"href":"https:\/\/www.gruene-mkk.de\/sl\/wp-json\/wp\/v2\/types\/post"}],"author":[{"embeddable":true,"href":"https:\/\/www.gruene-mkk.de\/sl\/wp-json\/wp\/v2\/users\/2"}],"replies":[{"embeddable":true,"href":"https:\/\/www.gruene-mkk.de\/sl\/wp-json\/wp\/v2\/comments?post=796"}],"version-history":[{"count":1,"href":"https:\/\/www.gruene-mkk.de\/sl\/wp-json\/wp\/v2\/posts\/796\/revisions"}],"predecessor-version":[{"id":797,"href":"https:\/\/www.gruene-mkk.de\/sl\/wp-json\/wp\/v2\/posts\/796\/revisions\/797"}],"wp:attachment":[{"href":"https:\/\/www.gruene-mkk.de\/sl\/wp-json\/wp\/v2\/media?parent=796"}],"wp:term":[{"taxonomy":"category","embeddable":true,"href":"https:\/\/www.gruene-mkk.de\/sl\/wp-json\/wp\/v2\/categories?post=796"},{"taxonomy":"post_tag","embeddable":true,"href":"https:\/\/www.gruene-mkk.de\/sl\/wp-json\/wp\/v2\/tags?post=796"}],"curies":[{"name":"wp","href":"https:\/\/api.w.org\/{rel}","templated":true}]}}