{"id":790,"date":"2021-11-26T18:19:00","date_gmt":"2021-11-26T17:19:00","guid":{"rendered":"https:\/\/www.alles-bleibt-anders.org\/?p=790"},"modified":"2021-12-09T18:28:55","modified_gmt":"2021-12-09T17:28:55","slug":"aenderungsantrag-zum-haushalt-einstellung-eines-einer-mobilitaetsbeauftragten","status":"publish","type":"post","link":"https:\/\/www.gruene-mkk.de\/sl\/aenderungsantrag-zum-haushalt-einstellung-eines-einer-mobilitaetsbeauftragten\/","title":{"rendered":"Sprememba prora\u010duna: Zaposlitev uradnika za mobilnost"},"content":{"rendered":"<p><strong>Okrajni svet odlo\u010di:&nbsp;&nbsp;&nbsp;&nbsp;&nbsp; &nbsp;&nbsp;&nbsp;&nbsp;&nbsp;<\/strong><\/p>\n\n\n\n<ol class=\"wp-block-list\"><li>Naloga okro\u017enega odbora je ustvariti delovno mesto uradnika za mobilnost v uradu 65 (\u0161ole, uprava za stavbe in nepremi\u010dnine ter osrednje slu\u017ebe).<\/li><li>V ta namen se v kadrovski na\u010drt vklju\u010di 1,0 delovnega mesta.<\/li><li>Naloge uradnika za mobilnost vklju\u010dujejo:<ol><li>Izvajanje koncepta mobilnosti<\/li><li>Krepitev brezemisijskega prometa<\/li><li>Izvajanje konceptov kolesarjenja<\/li><li>Mediacija med zveznimi, dr\u017eavnimi, okro\u017enimi in ob\u010dinskimi organi<\/li><li>Trajnostno mre\u017eenje ob\u010din<\/li><li>Kontaktna oseba za vse naloge upravljanja mobilnosti<\/li><\/ol><\/li><li>Ocena delovnega mesta uradnika za mobilnost bo opravljena po enem letu v Odboru za gospodarske zadeve, energijo, promet, okolje in kmetijstvo.<\/li><li>Redno poro\u010danje poteka vsakih \u0161est mesecev, vendar vsaj enkrat letno, na WEVUL<\/li><\/ol>\n\n\n\n<p><strong>Obrazlo\u017eitveni memorandum:<\/strong><\/p>\n\n\n\n<p>Na\u010din, kako se ljudje gibljejo, je trenutno v stanju pretresov. Ta sprememba mobilnosti prina\u0161a nove izzive za mesta in ob\u010dine, pa tudi za pode\u017eelska okro\u017eja.<\/p>\n\n\n\n<p>Ena od glavnih nalog ob\u010dinskih slu\u017eb splo\u0161nega pomena je upo\u0161tevanje in izvajanje trajnostne mobilnosti. Iz tega razloga je Main-Kinzig-Kreis poleg dveh kolesarskih konceptov uvedel tudi koncept mobilnosti, katerega izvajanje bo v prihodnjih letih postalo pomembna naloga.<\/p>\n\n\n\n<p>Uradnik za mobilnost organizira medsektorsko nalogo za posredovanje med imenovanimi uradi, okro\u017ejem in ob\u010dinami. V nadaljnjem te\u010daju uradnik za mobilnost zagotavlja nadaljnje sodelovanje med okro\u017ejem in ob\u010dinami.<\/p>\n\n\n\n<p>Hkrati je poleg izvajanja izjave o poslanstvu na podro\u010dju mobilnosti ena od njegovih nalog prispevati h krepitvi brezemisijskega prometa, zlasti k izvajanju konceptov kolesarjenja.<\/p>\n\n\n\n<p>Uradnik za mobilnost je tudi kontaktna oseba za vse naloge upravljanja mobilnosti v okro\u017eju Main-Kinzig in upravlja trajnostno mre\u017eo ob\u010din pri vpra\u0161anjih mobilnosti v prometu.<\/p>","protected":false},"excerpt":{"rendered":"<p>Okrajni svet odlo\u010di:\u00a0\u00a0\u00a0\u00a0\u00a0 \u00a0\u00a0\u00a0\u00a0\u00a0 Naloga okro\u017enega odbora je ustvariti delovno mesto uradnika za mobilnost v uradu 65 (\u0161ole, uprava za stavbe in nepremi\u010dnine ter osrednje slu\u017ebe). V ta namen je v kadrovskem na\u010drtu predvidenih 1,0 delovnega mesta [...]<\/p>","protected":false},"author":-1,"featured_media":0,"comment_status":"open","ping_status":"open","sticky":false,"template":"","format":"standard","meta":{"footnotes":""},"categories":[9],"tags":[],"class_list":["post-790","post","type-post","status-publish","format-standard","hentry","category-antraege-und-anfragen"],"_links":{"self":[{"href":"https:\/\/www.gruene-mkk.de\/sl\/wp-json\/wp\/v2\/posts\/790","targetHints":{"allow":["GET"]}}],"collection":[{"href":"https:\/\/www.gruene-mkk.de\/sl\/wp-json\/wp\/v2\/posts"}],"about":[{"href":"https:\/\/www.gruene-mkk.de\/sl\/wp-json\/wp\/v2\/types\/post"}],"author":[{"embeddable":true,"href":"https:\/\/www.gruene-mkk.de\/sl\/wp-json\/wp\/v2\/users\/2"}],"replies":[{"embeddable":true,"href":"https:\/\/www.gruene-mkk.de\/sl\/wp-json\/wp\/v2\/comments?post=790"}],"version-history":[{"count":1,"href":"https:\/\/www.gruene-mkk.de\/sl\/wp-json\/wp\/v2\/posts\/790\/revisions"}],"predecessor-version":[{"id":793,"href":"https:\/\/www.gruene-mkk.de\/sl\/wp-json\/wp\/v2\/posts\/790\/revisions\/793"}],"wp:attachment":[{"href":"https:\/\/www.gruene-mkk.de\/sl\/wp-json\/wp\/v2\/media?parent=790"}],"wp:term":[{"taxonomy":"category","embeddable":true,"href":"https:\/\/www.gruene-mkk.de\/sl\/wp-json\/wp\/v2\/categories?post=790"},{"taxonomy":"post_tag","embeddable":true,"href":"https:\/\/www.gruene-mkk.de\/sl\/wp-json\/wp\/v2\/tags?post=790"}],"curies":[{"name":"wp","href":"https:\/\/api.w.org\/{rel}","templated":true}]}}