{"id":788,"date":"2021-11-26T18:18:00","date_gmt":"2021-11-26T17:18:00","guid":{"rendered":"https:\/\/www.alles-bleibt-anders.org\/?p=788"},"modified":"2021-12-09T18:19:26","modified_gmt":"2021-12-09T17:19:26","slug":"aenderungsantrag-zum-haushalt-mehr-geld-fuer-radwege","status":"publish","type":"post","link":"https:\/\/www.gruene-mkk.de\/sl\/aenderungsantrag-zum-haushalt-mehr-geld-fuer-radwege\/","title":{"rendered":"Sprememba prora\u010duna: Ve\u010d denarja za kolesarske steze"},"content":{"rendered":"<p><strong>Okrajni svet odlo\u010di:&nbsp;&nbsp;&nbsp;&nbsp;&nbsp; &nbsp;&nbsp;&nbsp;&nbsp;&nbsp;<\/strong><\/p>\n\n\n\n<p>Sredstva za \u0161iritev kolesarske poti se bodo pove\u010dala s 300.000 evrov na 1,5 milijona evrov.<\/p>\n\n\n\n<p><strong>Obrazlo\u017eitveni memorandum:<\/strong><\/p>\n\n\n\n<p>Kolesarjenje se bo v prihodnjih letih mo\u010dno pove\u010dalo. Za spodbujanje te trajnostne mobilnosti so potrebna ustrezna prora\u010dunska sredstva.<\/p>\n\n\n\n<p>Hkrati naj bi bil koncept kolesarjenja dokon\u010dan v za\u010detku leta 2022. Za hitro izvedbo konkretnih ukrepov na podlagi tega koncepta prora\u010dun v vi\u0161ini 300 000 EUR ne zadostuje, zlasti \u010de bo treba v skladu z odlo\u010ditvijo velike koalicije zgraditi parkirna mesta za kolesa, ki bodo \u0161e vedno krita iz tega prora\u010duna.<\/p>\n\n\n\n<p>Nobeden od 90 ukrepov ni bil izveden iz prvotnega koncepta kolesarske poti. To ka\u017ee ne le nepripravljenost vlagati v \u0161iritev kolesarskih poti, temve\u010d tudi pomanjkanje finan\u010dnega manevrskega prostora, ki si ga je okro\u017eno vodstvo dalo zaradi lastnih omejitev v prora\u010dunu.<\/p>\n\n\n\n<p>V zadnjih letih je bilo za \u0161iritev okro\u017enih cest porabljenih pribli\u017eno 12 milijonov evrov. Pristop, ki smo ga izbrali za \u0161iritev kolesarskih poti, je torej le okoli 10 % obstoje\u010dih sredstev za gradnjo cest.<\/p>\n\n\n\n<p>Poleg posebnih izbolj\u0161av sta nujno potrebna tudi konkretna raz\u0161iritev in nova gradnja kolesarskih poti na okro\u017enih cestah, da bi pove\u010dali mre\u017eo kolesarskih poti in pove\u010dali privla\u010dnost kolesarjenja.<\/p>\n\n\n\n<p>Da bi bil dolgoro\u010dni prehod na podnebno nevtralno mobilnost uspe\u0161en, mora okro\u017eje Main-Kinzig tukaj postaviti temelje z raz\u0161iritvijo ustrezne infrastrukture kolesarskih poti.<\/p>","protected":false},"excerpt":{"rendered":"<p>Okrajni svet odlo\u010di:\u00a0\u00a0\u00a0\u00a0\u00a0 \u00a0\u00a0\u00a0\u00a0\u00a0 Sredstva za \u0161iritev kolesarske poti se bodo pove\u010dala s 300.000 evrov na 1,5 milijona evrov. Obrazlo\u017eitveni memorandum: Kolesarjenje se bo v prihodnjih letih mo\u010dno pove\u010dalo. Za te [...]<\/p>","protected":false},"author":-1,"featured_media":0,"comment_status":"open","ping_status":"open","sticky":false,"template":"","format":"standard","meta":{"footnotes":""},"categories":[9],"tags":[],"class_list":["post-788","post","type-post","status-publish","format-standard","hentry","category-antraege-und-anfragen"],"_links":{"self":[{"href":"https:\/\/www.gruene-mkk.de\/sl\/wp-json\/wp\/v2\/posts\/788","targetHints":{"allow":["GET"]}}],"collection":[{"href":"https:\/\/www.gruene-mkk.de\/sl\/wp-json\/wp\/v2\/posts"}],"about":[{"href":"https:\/\/www.gruene-mkk.de\/sl\/wp-json\/wp\/v2\/types\/post"}],"author":[{"embeddable":true,"href":"https:\/\/www.gruene-mkk.de\/sl\/wp-json\/wp\/v2\/users\/2"}],"replies":[{"embeddable":true,"href":"https:\/\/www.gruene-mkk.de\/sl\/wp-json\/wp\/v2\/comments?post=788"}],"version-history":[{"count":1,"href":"https:\/\/www.gruene-mkk.de\/sl\/wp-json\/wp\/v2\/posts\/788\/revisions"}],"predecessor-version":[{"id":789,"href":"https:\/\/www.gruene-mkk.de\/sl\/wp-json\/wp\/v2\/posts\/788\/revisions\/789"}],"wp:attachment":[{"href":"https:\/\/www.gruene-mkk.de\/sl\/wp-json\/wp\/v2\/media?parent=788"}],"wp:term":[{"taxonomy":"category","embeddable":true,"href":"https:\/\/www.gruene-mkk.de\/sl\/wp-json\/wp\/v2\/categories?post=788"},{"taxonomy":"post_tag","embeddable":true,"href":"https:\/\/www.gruene-mkk.de\/sl\/wp-json\/wp\/v2\/tags?post=788"}],"curies":[{"name":"wp","href":"https:\/\/api.w.org\/{rel}","templated":true}]}}