{"id":782,"date":"2021-11-26T17:51:00","date_gmt":"2021-11-26T16:51:00","guid":{"rendered":"https:\/\/www.alles-bleibt-anders.org\/?p=782"},"modified":"2021-12-09T18:14:44","modified_gmt":"2021-12-09T17:14:44","slug":"aenderungsantrag-zum-haushalt-erhoehung-der-foerderung-fuer-das-schulessen","status":"publish","type":"post","link":"https:\/\/www.gruene-mkk.de\/sl\/aenderungsantrag-zum-haushalt-erhoehung-der-foerderung-fuer-das-schulessen\/","title":{"rendered":"Sprememba prora\u010duna: Ve\u010dja podpora za \u0161olska kosila"},"content":{"rendered":"<p><strong>Okrajni svet odlo\u010di:&nbsp;&nbsp;&nbsp;&nbsp;&nbsp; &nbsp;&nbsp;&nbsp;&nbsp;&nbsp;<\/strong><\/p>\n\n\n\n<ol class=\"wp-block-list\"><li>Subvencija za \u0161olska kosila se bo pove\u010dala s 40.000 evrov na 80.000 evrov.<\/li><li>Podjetje Heinzelm\u00e4nnchen GmbH je pozvano, naj pove\u010dane donacije uporabi za razbremenitev star\u0161ev ter za uporabo ekolo\u0161ke, regionalne in pravi\u010dne hrane.<\/li><\/ol>\n\n\n\n<p><strong>Obrazlo\u017eitveni memorandum:<\/strong><\/p>\n\n\n\n<p>Samopodoba okro\u017eja Main-Kinzig kot \u201eokro\u017eja pravi\u010dne trgovine\u201c bi morala biti ponujanje ekolo\u0161ke, regionalne in pravi\u010dne hrane v menzah na obmo\u010dju okro\u017eja.<\/p>\n\n\n\n<p>Z letno subvencijo v vi\u0161ini samo 40.000 evrov to ni mogo\u010de brez dodatnega bremena za star\u0161e.<\/p>\n\n\n\n<p>Zato je treba pove\u010dati donacije na 80.000 evrov, da bi razbremenili star\u0161e in izbolj\u0161ali kakovost hrane.&nbsp;<\/p>","protected":false},"excerpt":{"rendered":"<p>Okrajni svet odlo\u010di:\u00a0\u00a0\u00a0\u00a0\u00a0 \u00a0\u00a0\u00a0\u00a0\u00a0 Subvencija za \u0161olska kosila se bo pove\u010dala s 40.000 evrov na 80.000 evrov. Heinzelm\u00e4nnchen GmbH se zahteva, da pla\u010da pove\u010dane prispevke za oprostitev star\u0161ev, kot tudi [...]<\/p>","protected":false},"author":-1,"featured_media":0,"comment_status":"open","ping_status":"open","sticky":false,"template":"","format":"standard","meta":{"footnotes":""},"categories":[9],"tags":[],"class_list":["post-782","post","type-post","status-publish","format-standard","hentry","category-antraege-und-anfragen"],"_links":{"self":[{"href":"https:\/\/www.gruene-mkk.de\/sl\/wp-json\/wp\/v2\/posts\/782","targetHints":{"allow":["GET"]}}],"collection":[{"href":"https:\/\/www.gruene-mkk.de\/sl\/wp-json\/wp\/v2\/posts"}],"about":[{"href":"https:\/\/www.gruene-mkk.de\/sl\/wp-json\/wp\/v2\/types\/post"}],"author":[{"embeddable":true,"href":"https:\/\/www.gruene-mkk.de\/sl\/wp-json\/wp\/v2\/users\/2"}],"replies":[{"embeddable":true,"href":"https:\/\/www.gruene-mkk.de\/sl\/wp-json\/wp\/v2\/comments?post=782"}],"version-history":[{"count":1,"href":"https:\/\/www.gruene-mkk.de\/sl\/wp-json\/wp\/v2\/posts\/782\/revisions"}],"predecessor-version":[{"id":783,"href":"https:\/\/www.gruene-mkk.de\/sl\/wp-json\/wp\/v2\/posts\/782\/revisions\/783"}],"wp:attachment":[{"href":"https:\/\/www.gruene-mkk.de\/sl\/wp-json\/wp\/v2\/media?parent=782"}],"wp:term":[{"taxonomy":"category","embeddable":true,"href":"https:\/\/www.gruene-mkk.de\/sl\/wp-json\/wp\/v2\/categories?post=782"},{"taxonomy":"post_tag","embeddable":true,"href":"https:\/\/www.gruene-mkk.de\/sl\/wp-json\/wp\/v2\/tags?post=782"}],"curies":[{"name":"wp","href":"https:\/\/api.w.org\/{rel}","templated":true}]}}