{"id":780,"date":"2021-11-26T17:45:00","date_gmt":"2021-11-26T16:45:00","guid":{"rendered":"https:\/\/www.alles-bleibt-anders.org\/?p=780"},"modified":"2021-12-09T17:49:29","modified_gmt":"2021-12-09T16:49:29","slug":"aenderungsantrag-zum-haushalt-machbarkeitsstudie-regionale-schlachtung","status":"publish","type":"post","link":"https:\/\/www.gruene-mkk.de\/sl\/aenderungsantrag-zum-haushalt-machbarkeitsstudie-regionale-schlachtung\/","title":{"rendered":"Sprememba prora\u010duna: \u0160tudija izvedljivosti regionalnega zakola"},"content":{"rendered":"<p><strong>Okrajni svet odlo\u010di:&nbsp;&nbsp;&nbsp;&nbsp;&nbsp; &nbsp;&nbsp;&nbsp;&nbsp;&nbsp;<\/strong><\/p>\n\n\n\n<p>1.\u00a0\u00a0\u00a0\u00a0\u00a0\u00a0 Za prora\u010dunsko leto 2022 se okro\u017eni svet odlo\u010di naro\u010diti \u0161tudijo izvedljivosti za vzdr\u017eevanje ali gradnjo skupne klavnice z ekolo\u0161ko modelsko regijo Main-Kinzig in Wetteraukreis.<\/p>\n\n\n\n<p>2.\u00a0\u00a0\u00a0\u00a0\u00a0\u00a0 Za pripravo \u0161tudije izvedljivosti bodo v prora\u010dun vklju\u010dena sredstva v vi\u0161ini 50.000 evrov.<\/p>\n\n\n\n<p>3.\u00a0\u00a0\u00a0\u00a0\u00a0\u00a0 Regionalna okrogla miza za zakol se skli\u010de \u010dim prej, najpozneje pa v drugem \u010detrtletju leta 2022.<\/p>\n\n\n\n<p>4.\u00a0\u00a0\u00a0\u00a0\u00a0\u00a0 Po \u0161estih mesecih bo Odbor za gospodarske zadeve, energijo, promet, okolje in kmetijstvo pripravil vmesno poro\u010dilo o rezultatih okrogle mize.<\/p>\n\n\n\n<p><strong>Obrazlo\u017eitveni memorandum:<\/strong><\/p>\n\n\n\n<p>Po zaprtju klavnice v B\u00fcdingenu je izginila osrednja klavnica za mesarje in neposredne trgovce iz okro\u017eja Main-Kinzig.<\/p>\n\n\n\n<p>Posledi\u010dno se mo\u010dno pove\u010dujejo prevozne poti za zakol \u017eivali, mo\u017enost raztovarjanja med pregledi prevoza \u017eivali, na primer po pregledih na avtocesti, pa je popolnoma odpravljena.<\/p>\n\n\n\n<p>Z izvedbo \u0161tudije izvedljivosti je treba raziskati mo\u017enosti za regionalno klavnico. Med drugim je treba preu\u010diti, v okviru katerih ukrepov, ki bi lahko bili uvedeni, je mogo\u010de gospodarsko upravljati regionalno klavnico.<\/p>\n\n\n\n<p>Okro\u017eni svet je za to postavil temelje z ustanovitvijo okrogle mize o regionalnem zakolu (KOA_AG\/0044\/2021) 29. oktobra 2021. To je bil nujen pogoj za izvedbo take \u0161tudije izvedljivosti ter njeno spremljanje in ocenjevanje na okrogli mizi.<\/p>\n\n\n\n<p>Zato je nujno treba rezervirati potrebna prora\u010dunska sredstva za tak\u0161no \u0161tudijo izvedljivosti.<\/p>","protected":false},"excerpt":{"rendered":"<p>Okrajni svet odlo\u010di:\u00a0\u00a0\u00a0\u00a0\u00a0 \u00a0\u00a0\u00a0\u00a0\u00a0 1.\u00a0\u00a0\u00a0\u00a0\u00a0\u00a0 Za prora\u010dunsko leto 2022 se okro\u017eni svet odlo\u010di naro\u010diti \u0161tudijo izvedljivosti za vzdr\u017eevanje ali gradnjo skupne klavnice z ekolo\u0161ko modelsko regijo Main-Kinzig in Wetteraukreis. 2.\u00a0\u00a0\u00a0\u00a0\u00a0\u00a0 Izvirnik: [...]<\/p>","protected":false},"author":-1,"featured_media":0,"comment_status":"open","ping_status":"open","sticky":false,"template":"","format":"standard","meta":{"footnotes":""},"categories":[9],"tags":[],"class_list":["post-780","post","type-post","status-publish","format-standard","hentry","category-antraege-und-anfragen"],"_links":{"self":[{"href":"https:\/\/www.gruene-mkk.de\/sl\/wp-json\/wp\/v2\/posts\/780","targetHints":{"allow":["GET"]}}],"collection":[{"href":"https:\/\/www.gruene-mkk.de\/sl\/wp-json\/wp\/v2\/posts"}],"about":[{"href":"https:\/\/www.gruene-mkk.de\/sl\/wp-json\/wp\/v2\/types\/post"}],"author":[{"embeddable":true,"href":"https:\/\/www.gruene-mkk.de\/sl\/wp-json\/wp\/v2\/users\/2"}],"replies":[{"embeddable":true,"href":"https:\/\/www.gruene-mkk.de\/sl\/wp-json\/wp\/v2\/comments?post=780"}],"version-history":[{"count":1,"href":"https:\/\/www.gruene-mkk.de\/sl\/wp-json\/wp\/v2\/posts\/780\/revisions"}],"predecessor-version":[{"id":781,"href":"https:\/\/www.gruene-mkk.de\/sl\/wp-json\/wp\/v2\/posts\/780\/revisions\/781"}],"wp:attachment":[{"href":"https:\/\/www.gruene-mkk.de\/sl\/wp-json\/wp\/v2\/media?parent=780"}],"wp:term":[{"taxonomy":"category","embeddable":true,"href":"https:\/\/www.gruene-mkk.de\/sl\/wp-json\/wp\/v2\/categories?post=780"},{"taxonomy":"post_tag","embeddable":true,"href":"https:\/\/www.gruene-mkk.de\/sl\/wp-json\/wp\/v2\/tags?post=780"}],"curies":[{"name":"wp","href":"https:\/\/api.w.org\/{rel}","templated":true}]}}