{"id":774,"date":"2021-11-26T17:40:00","date_gmt":"2021-11-26T16:40:00","guid":{"rendered":"https:\/\/www.alles-bleibt-anders.org\/?p=774"},"modified":"2021-12-09T17:44:40","modified_gmt":"2021-12-09T16:44:40","slug":"aenderungsantrag-zum-haushalt-mehr-mittel-fuer-das-lernfeld-landwirtschaft","status":"publish","type":"post","link":"https:\/\/www.gruene-mkk.de\/sl\/aenderungsantrag-zum-haushalt-mehr-mittel-fuer-das-lernfeld-landwirtschaft\/","title":{"rendered":"Sprememba prora\u010duna: Ve\u010d sredstev za podro\u010dje u\u010denja v kmetijstvu"},"content":{"rendered":"<p><strong>Okrajni svet odlo\u010di:&nbsp;&nbsp;&nbsp;&nbsp;&nbsp; &nbsp;&nbsp;&nbsp;&nbsp;&nbsp;<\/strong><\/p>\n\n\n\n<p>1.\u00a0\u00a0\u00a0\u00a0\u00a0\u00a0 Prora\u010dun za \u201epodro\u010dje u\u010denja v kmetijstvu\u201c se bo pove\u010dal za 20 000 EUR.<\/p>\n\n\n\n<p>2.\u00a0\u00a0\u00a0\u00a0\u00a0\u00a0 Okro\u017eni odbor je zadol\u017een za ozave\u0161\u010danje o projektu \u201eU\u010dno polje v kmetijstvu\u201c z ogla\u0161evalsko kampanjo. V ta namen bi bilo treba ciljno usmeriti \u0161ole na obmo\u010dju okro\u017eja.<\/p>\n\n\n\n<p><strong>Obrazlo\u017eitveni memorandum:<\/strong><\/p>\n\n\n\n<p>Projekt U\u010denje poljedelstva zagotavlja \u0161olskim in pred\u0161olskim skupinam vpogled v pridelavo hrane. Ta prehranska vzgoja je pomembna \u017ee od zgodnjega otro\u0161tva, da bi pridobili ozave\u0161\u010denost o proizvodnji hrane in delu, ki je za njo.<\/p>\n\n\n\n<p>Zlasti se tu ustvarja ozave\u0161\u010denost o regionalni in visokokakovostni hrani, ki ni ve\u010d prisotna ali je le malo prisotna pri vse ve\u010d otrocih in mladostnikih.<\/p>\n\n\n\n<p>Prora\u010dunska sredstva, predvidena za ta namen, ne zadostujejo. Poleg krepitve kmetij pri izvajanju projekta bi moralo pove\u010danje prora\u010duna ustvariti tudi prilo\u017enosti za ogla\u0161evalsko kampanjo za ozave\u0161\u010danje o projektu.<\/p>","protected":false},"excerpt":{"rendered":"<p>Okrajni svet odlo\u010di:\u00a0\u00a0\u00a0\u00a0\u00a0 \u00a0\u00a0\u00a0\u00a0\u00a0 1.\u00a0\u00a0\u00a0\u00a0\u00a0\u00a0 Prora\u010dun za \u201epodro\u010dje u\u010denja v kmetijstvu\u201c se bo pove\u010dal za 20 000 EUR. 2.\u00a0\u00a0\u00a0\u00a0\u00a0\u00a0 Okro\u017eni odbor je zadol\u017een za za\u010detek ogla\u0161evalske kampanje o projektu \"U\u010denje poljedelstva\" [...]<\/p>","protected":false},"author":-1,"featured_media":0,"comment_status":"open","ping_status":"open","sticky":false,"template":"","format":"standard","meta":{"footnotes":""},"categories":[9],"tags":[],"class_list":["post-774","post","type-post","status-publish","format-standard","hentry","category-antraege-und-anfragen"],"_links":{"self":[{"href":"https:\/\/www.gruene-mkk.de\/sl\/wp-json\/wp\/v2\/posts\/774","targetHints":{"allow":["GET"]}}],"collection":[{"href":"https:\/\/www.gruene-mkk.de\/sl\/wp-json\/wp\/v2\/posts"}],"about":[{"href":"https:\/\/www.gruene-mkk.de\/sl\/wp-json\/wp\/v2\/types\/post"}],"author":[{"embeddable":true,"href":"https:\/\/www.gruene-mkk.de\/sl\/wp-json\/wp\/v2\/users\/2"}],"replies":[{"embeddable":true,"href":"https:\/\/www.gruene-mkk.de\/sl\/wp-json\/wp\/v2\/comments?post=774"}],"version-history":[{"count":1,"href":"https:\/\/www.gruene-mkk.de\/sl\/wp-json\/wp\/v2\/posts\/774\/revisions"}],"predecessor-version":[{"id":779,"href":"https:\/\/www.gruene-mkk.de\/sl\/wp-json\/wp\/v2\/posts\/774\/revisions\/779"}],"wp:attachment":[{"href":"https:\/\/www.gruene-mkk.de\/sl\/wp-json\/wp\/v2\/media?parent=774"}],"wp:term":[{"taxonomy":"category","embeddable":true,"href":"https:\/\/www.gruene-mkk.de\/sl\/wp-json\/wp\/v2\/categories?post=774"},{"taxonomy":"post_tag","embeddable":true,"href":"https:\/\/www.gruene-mkk.de\/sl\/wp-json\/wp\/v2\/tags?post=774"}],"curies":[{"name":"wp","href":"https:\/\/api.w.org\/{rel}","templated":true}]}}