{"id":766,"date":"2021-12-03T17:29:00","date_gmt":"2021-12-03T16:29:00","guid":{"rendered":"https:\/\/www.alles-bleibt-anders.org\/?p=766"},"modified":"2021-12-09T17:30:29","modified_gmt":"2021-12-09T16:30:29","slug":"antraege-zum-haushalt-umweltbildung-tierwohl-und-landwirtschaft","status":"publish","type":"post","link":"https:\/\/www.gruene-mkk.de\/sl\/antraege-zum-haushalt-umweltbildung-tierwohl-und-landwirtschaft\/","title":{"rendered":"Prora\u010dunski zahtevki: Okoljska vzgoja, dobro po\u010dutje \u017eivali in kmetijstvo"},"content":{"rendered":"<p><strong>Zelena parlamentarna skupina predstavila predloge prora\u010duna za naslednjo okroglo mizo<\/strong><\/p>\n\n\n\n<!--more-->\n\n\n\n<p>\"V prihodnjem prora\u010dunu bi se radi osredoto\u010dili na okoljsko izobra\u017eevanje, dobro po\u010dutje \u017eivali in kmetijstvo,\" je dejal Rainer Vogel, predstavnik za kmetijsko politiko skupine Zelenih v okro\u017enem parlamentu, in pojasnil tri od desetih predlogov svoje skupine za naslednjo sejo okro\u017enega parlamenta: \u201eTo \u017eelimo dose\u010di s pobudami na podro\u010dju Veterinarskega urada, pa tudi s pove\u010danjem sredstev za \u201epodro\u010dje u\u010denja v kmetijstvu\u201c in \u0161tudijo izvedljivosti za regionalno klavnico.\u201c<\/p>\n\n\n\n<p>\u201eU\u010dno polje v kmetijstvu\u201c zagotavlja \u0161olskim in pred\u0161olskim skupinam vpogled v proizvodnjo hrane z obiski kmetij v MKK: \"Ta vzgoja o hrani in okolju je \u017ee od zgodnjega otro\u0161tva pomembna za ozave\u0161\u010danje o izvoru regionalno pridelane hrane in delu, ki je za njo,\" pravi Vogel. Navsezadnje je treba ponovno postaviti v ospredje proizvodnjo regionalne in visokokakovostne hrane. \u201eNamenjena prora\u010dunska sredstva ne zadostujejo za obse\u017eno obve\u0161\u010danje u\u010dencev in mladih. Zato pozivamo, naj se ta znesek od prora\u010duna za leto 2022 pove\u010da za 20 000 EUR. To omogo\u010da pribli\u017eno 150 ve\u010d obiskov kmetij na leto. Poleg tega bi se moral krog bolj osredoto\u010diti na pomembno delo kmetov z ogla\u0161evalsko kampanjo, na primer v okviru regije ekolo\u0161kega modela.<\/p>\n\n\n\n<p>Na zadnji okrogli mizi se je okro\u017eje Main-Kinzig odlo\u010dilo, da bo organiziralo okroglo mizo o regionalnem zakolu: \u201ePo zaprtju klavnice v B\u00fcdingenu je izginila osrednja klavnica za mesarje in neposredne trgovce iz okro\u017eja Main-Kinzig.\u201c To mo\u010dno pove\u010duje prevozno pot klavnih \u017eivali: \"Mo\u017enost raztovarjanja med pregledi prevoza \u017eivali, na primer po pregledih na avtocesti, je prav tako popolnoma odpravljena,\" je dejal tiskovni predstavnik kmetijske politike. S pro\u0161njo je okro\u017ena parlamentarna skupina \u017ee pojasnila te\u017eavo: \u201eZato zahtevamo, da okro\u017eje dodeli potrebna sredstva za izvedbo \u0161tudije izvedljivosti v prora\u010dunu in tako preu\u010di, ali in v okviru katerih ukrepov se lahko upravlja regionalna klavnica.\u201c Preu\u010diti bi bilo treba ohranitev ali gradnjo skupne klavnice v regijah z ekolo\u0161kim modelom Main-Kinzig in Wetterau. Hkrati Zeleni pozivajo k \u010dimprej\u0161njemu sklicu okrogle mize in tudi k predlo\u017eitvi poro\u010dila Odboru za kmetijstvo: \u201eTo vpra\u0161anje je treba pravo\u010dasno obravnavati.\u201c<\/p>\n\n\n\n<p>Dobrobit \u017eivali poleg potrebnega izobra\u017eevalnega dela in regionalne klavnice vklju\u010duje tudi potrebne preglede veterinarskega urada: \"Glede na Regierungspr\u00e4sidium Darmstadt se trenutno izvaja le pribli\u017eno 32 odstotkov potrebnih pregledov na tem podro\u010dju,\" pravi Vogel. Z novo uredbo EU o nadzoru bi se zahteve glede nadzora \u0161e raz\u0161irile, hkrati pa bi bilo v Veterinarskem uradu premalo osebja. \u201eCelotno \u0161tevilo zaposlenih ne bo dose\u017eeno pred koncem leta 2022. Zaradi pomanjkanja osebja in pove\u010dane potrebe po kontroli zato pozivamo k oblikovanju dveh dodatnih delovnih mest za leto 2022 na podro\u010dju nadzornikov \u017eivali: \u201eNamen tega je dodatno pove\u010dati raven skladnosti z nadzorom\u201c, zaklju\u010duje Vogel.<\/p>\n\n\n\n<p>Poizvedbe na naslov:<\/p>\n\n\n\n<p>Jakob M\u00e4hler<br>Generalni direktor skupine<br>Zveza 90 \/ Zeleni Main-Kinzig<br>06181\/61596<br>0176\/46763336<br>fraktion@gruene-mkk.deKategorije:<a href=\"https:\/\/gruene-main-kinzig.de\/kreistagsfraktion\/pressemitteilungen-aktuell\/presse-volltext\/kategorie\/fraktion-41\/article\/antraege-zum-haushalt-umweltbildung-tierwohl-und-landwirtschaft\/\">frakcija<\/a><\/p>","protected":false},"excerpt":{"rendered":"<p>Zelena parlamentarna skupina predstavila predloge prora\u010duna za naslednjo okroglo mizo<\/p>","protected":false},"author":-1,"featured_media":0,"comment_status":"open","ping_status":"open","sticky":false,"template":"","format":"standard","meta":{"footnotes":""},"categories":[2],"tags":[],"class_list":["post-766","post","type-post","status-publish","format-standard","hentry","category-newskreistagsfraktion"],"_links":{"self":[{"href":"https:\/\/www.gruene-mkk.de\/sl\/wp-json\/wp\/v2\/posts\/766","targetHints":{"allow":["GET"]}}],"collection":[{"href":"https:\/\/www.gruene-mkk.de\/sl\/wp-json\/wp\/v2\/posts"}],"about":[{"href":"https:\/\/www.gruene-mkk.de\/sl\/wp-json\/wp\/v2\/types\/post"}],"author":[{"embeddable":true,"href":"https:\/\/www.gruene-mkk.de\/sl\/wp-json\/wp\/v2\/users\/2"}],"replies":[{"embeddable":true,"href":"https:\/\/www.gruene-mkk.de\/sl\/wp-json\/wp\/v2\/comments?post=766"}],"version-history":[{"count":1,"href":"https:\/\/www.gruene-mkk.de\/sl\/wp-json\/wp\/v2\/posts\/766\/revisions"}],"predecessor-version":[{"id":768,"href":"https:\/\/www.gruene-mkk.de\/sl\/wp-json\/wp\/v2\/posts\/766\/revisions\/768"}],"wp:attachment":[{"href":"https:\/\/www.gruene-mkk.de\/sl\/wp-json\/wp\/v2\/media?parent=766"}],"wp:term":[{"taxonomy":"category","embeddable":true,"href":"https:\/\/www.gruene-mkk.de\/sl\/wp-json\/wp\/v2\/categories?post=766"},{"taxonomy":"post_tag","embeddable":true,"href":"https:\/\/www.gruene-mkk.de\/sl\/wp-json\/wp\/v2\/tags?post=766"}],"curies":[{"name":"wp","href":"https:\/\/api.w.org\/{rel}","templated":true}]}}