{"id":68,"date":"2021-07-12T10:00:00","date_gmt":"2021-07-12T08:00:00","guid":{"rendered":"https:\/\/www.alles-bleibt-anders.org\/?p=68"},"modified":"2021-11-09T14:39:43","modified_gmt":"2021-11-09T13:39:43","slug":"groko-im-mkk-zeichen-der-zeit-nicht-erkannt","status":"publish","type":"post","link":"https:\/\/www.gruene-mkk.de\/sl\/groko-im-mkk-zeichen-der-zeit-nicht-erkannt\/","title":{"rendered":"GroKo v MKK: \u201e\u010casovni znaki niso priznani\u201c"},"content":{"rendered":"<p><strong>Regresija za Main-Kinzig-Kreis<\/strong><\/p>\n\n\n\n<p>\"Nadaljevanje velike koalicije je korak nazaj za okro\u017eje Main-Kinzig in dr\u017eavljane,\" pravi Reiner Bousonville, vodja skupine Zelenih v okro\u017enem svetu. <\/p>\n\n\n\n<!--more-->\n\n\n\n<p>\u201eIdeja koalicijskega sporazuma \u017ee nakazuje, da se bo okro\u017eje v naslednjih petih letih upravljalo le brez inovativnih idej in predvsem brez me\u010da na podro\u010dju varstva podnebja in ustvarjanja enakih \u017eivljenjskih pogojev od Maintala do Sinntala. \u010ceprav je to priro\u010dno, ne izpolnjuje izzivov na\u0161ega \u010dasa in mandata volivcev.\u201c<\/p>\n\n\n\n<p>Prekinjena koalicijska pogajanja z Zelenimi in FDP so \u017ee pokazala, da sve\u017ei vetrovi in nove ideje niso za\u017eelene pri temah, ki ljudi premikajo v krog: \u201eRezultati velike koalicije v zadnjih letih so bili uni\u010dujo\u010di. Nobeden od 90 ukrepov ni bil izveden s konceptom kolesarske poti, namesto tega je bil pripravljen nov koncept, na\u010drt razvoja \u0161ole se je moral vrniti v odbor zaradi \u0161tevilnih napak, Akademija za zdravje in oskrbo \u0161e vedno ne stoji, bilanca stanja CO2, ki je bila zapoznela od leta 1997, pa \u0161e vedno manjka. \u00a0\u201eOkro\u017eje je eno zadnjih, ki se je pridru\u017eilo regijam z ekolo\u0161kim modelom zvezne de\u017eele Hessen, \u010deprav ima najve\u010dji dele\u017e ekolo\u0161kih kmetij v zvezni de\u017eeli Hessen. \u0160iritev \u0161irokopasovnih povezav se na \u0161tevilnih mestih upo\u010dasnjuje, v okro\u017eju pa ni pomembnih delovnih mest, na primer za varstvo podnebja, \u0161iritev kolesarskih poti, vklju\u010devanje in migracije.\u201c<\/p>\n\n\n\n<p>Pro\u0161nja Zelenih za pove\u010danje \u0161tevila delovnih mest v zdravstvenem uradu je bila zavrnjena konec leta 2019, \"ko so pozvali k stro\u017ejim zakonom o oro\u017eju po napadu v Hanauju, je bila ustanovljena okrogla miza, ki se po enkratnem sestanku ni ve\u010d sestala. Po \u0161tirih letih pridru\u017eitve skupini \u201eHessen aktiv\u201c ni bil pripravljen katalog ukrepov za varstvo podnebja, pobude, s katerimi se pona\u0161a okro\u017ena svetnica Susanne Simmler, kot sta kavcijski lon\u010dek za ve\u010dkratno uporabo \u201eMain-Kinzig-Krug\u201c ali plasti\u010dna opustitev v skupini \u201eMKK-L\u00e4dchen\u201c, pa prihajajo iz opozicije, sta dodala podpredsednika Viola Ha\u00dfdenteufel in Jakob M\u00e4hler. \u201eFotografiranje ob cveto\u010dih travnikih je za\u010detek, vendar ne zagotavlja zadostnega prispevka k boju proti podnebni krizi in izumrtju vrst na ravni okro\u017eij.\u201c<\/p>\n\n\n\n<p>\"\u010ce velika koalicija zdaj napove, da \u017eeli nadaljevati to delo, ste lahko prestra\u0161eni in zaskrbljeni,\" pravi Bousonville. \u201eJasno je, da EPD in CDU nista prepoznala znakov \u010dasa in ne upo\u0161tevata volje volivcev, da bi pove\u010dali varstvo okolja in podnebja. Najmanj\u0161i skupni imenovalec tega GroKo v MKK je zagotovljena ve\u010dina, da bi lahko vladali brez ambicij in skrbi.\u201c<\/p>\n\n\n\n<p>Za Zelene je to prilo\u017enost, da se \u201ez vlogami in zahtevami \u0161e naprej borijo za resni\u010dno varstvo podnebja in socialno politiko\u201c. \u201eSmer gre samo v napa\u010dno smer,\u201c zaklju\u010duje Bousonville.<\/p>\n\n\n\n<p>Poizvedbe na naslov:<\/p>\n\n\n\n<p>Jakob M\u00e4hler<br>Generalni direktor skupine<br>Zveza 90 \/ Zeleni Main-Kinzig<br>06181\/61596<br>0176\/46763336<br>fraktion@gruene-mkk.de<\/p>","protected":false},"excerpt":{"rendered":"<p>Regresija za okro\u017eje Main-Kinzig \"Nadaljevanje velike koalicije je regresija za okro\u017eje Main-Kinzig in dr\u017eavljane\", pravi Reiner Bousonville, vodja skupine Zelenih v okro\u017enem svetu.<\/p>","protected":false},"author":-1,"featured_media":0,"comment_status":"open","ping_status":"open","sticky":false,"template":"","format":"standard","meta":{"footnotes":""},"categories":[2],"tags":[],"class_list":["post-68","post","type-post","status-publish","format-standard","hentry","category-newskreistagsfraktion"],"_links":{"self":[{"href":"https:\/\/www.gruene-mkk.de\/sl\/wp-json\/wp\/v2\/posts\/68","targetHints":{"allow":["GET"]}}],"collection":[{"href":"https:\/\/www.gruene-mkk.de\/sl\/wp-json\/wp\/v2\/posts"}],"about":[{"href":"https:\/\/www.gruene-mkk.de\/sl\/wp-json\/wp\/v2\/types\/post"}],"author":[{"embeddable":true,"href":"https:\/\/www.gruene-mkk.de\/sl\/wp-json\/wp\/v2\/users\/2"}],"replies":[{"embeddable":true,"href":"https:\/\/www.gruene-mkk.de\/sl\/wp-json\/wp\/v2\/comments?post=68"}],"version-history":[{"count":2,"href":"https:\/\/www.gruene-mkk.de\/sl\/wp-json\/wp\/v2\/posts\/68\/revisions"}],"predecessor-version":[{"id":70,"href":"https:\/\/www.gruene-mkk.de\/sl\/wp-json\/wp\/v2\/posts\/68\/revisions\/70"}],"wp:attachment":[{"href":"https:\/\/www.gruene-mkk.de\/sl\/wp-json\/wp\/v2\/media?parent=68"}],"wp:term":[{"taxonomy":"category","embeddable":true,"href":"https:\/\/www.gruene-mkk.de\/sl\/wp-json\/wp\/v2\/categories?post=68"},{"taxonomy":"post_tag","embeddable":true,"href":"https:\/\/www.gruene-mkk.de\/sl\/wp-json\/wp\/v2\/tags?post=68"}],"curies":[{"name":"wp","href":"https:\/\/api.w.org\/{rel}","templated":true}]}}